{"id":9412,"date":"2019-04-28T06:41:56","date_gmt":"2019-04-28T06:41:56","guid":{"rendered":"https:\/\/delucine.com\/un-autre-monde\/?p=9412"},"modified":"2019-06-23T10:00:40","modified_gmt":"2019-06-23T10:00:40","slug":"exposition-le-monde-fascinant-des-lepidos","status":"publish","type":"post","link":"https:\/\/delucine.com\/un-autre-monde\/exposition-le-monde-fascinant-des-lepidos\/","title":{"rendered":"Exposition &#8220;Le Monde fascinant des L\u00e9pidos&#8221;"},"content":{"rendered":"\n\n\n<p>\n\nProchaine expo (In\u00e9dite) &#8220;Le monde fascinant des L\u00e9pidos&#8221; du 3 au 11 mai (sauf dimanche 5).<br>Dans le cadre du Festival nature des 25 ans Natagora Famenne-Ardenne.<br>a la Maison de la Culture Famenne-Ardenne (MCFA), Chauss\u00e9e de l\u2019Ourthe 74, 6900 Marche-en-Famenne (Belgique).<br>S\u00e9ance de d\u00e9dicaces le samedi 4 et 11 mai.<\/p>\n\n\n\n<p>L\u2019exposition vous am\u00e8nera \u00e0 d\u00e9couvrir de fa\u00e7on ludique les papillons\u2026<br>Au plaisir de vous y rencontrer !<\/p>\n\n\n\n<p>Plus d&#8217;informations :&nbsp;<a href=\"http:\/\/www.natureenfete.be\/?fbclid=IwAR2tTKyTIxAH8S22hpcRO8ZysYfN7rQH2b8NazWZI6YdYEjSbMvfcQQ1PuQ\" rel=\"noreferrer noopener\" target=\"_blank\">www.natureenfete.be<\/a><\/p>\n","protected":false},"excerpt":{"rendered":"<p>Prochaine expo (In\u00e9dite) &#8220;Le monde fascinant des L\u00e9pidos&#8221; du 3 au 11 mai (sauf dimanche 5).Dans le cadre du Festival nature des 25 ans Natagora Famenne-Ardenne.a la Maison de la Culture Famenne-Ardenne (MCFA), Chauss\u00e9e de l\u2019Ourthe 74, 6900 Marche-en-Famenne (Belgique).S\u00e9ance de d\u00e9dicaces le samedi 4 et 11 mai. L\u2019exposition vous am\u00e8nera \u00e0 d\u00e9couvrir de fa\u00e7on [&hellip;]<\/p>\n","protected":false},"author":1,"featured_media":9408,"comment_status":"closed","ping_status":"closed","sticky":false,"template":"","format":"image","meta":{"_jetpack_memberships_contains_paid_content":false,"footnotes":""},"categories":[5,8],"tags":[],"class_list":["post-9412","post","type-post","status-publish","format-image","has-post-thumbnail","hentry","category-expositions","category-sur-nos-chemins","post_format-post-format-image"],"jetpack_featured_media_url":"https:\/\/i0.wp.com\/delucine.com\/un-autre-monde\/wp-content\/uploads\/2019\/04\/delucine-bandeau-le-monde-fascinant-des-lepidos.jpg?fit=850%2C313&ssl=1","jetpack_sharing_enabled":true,"_links":{"self":[{"href":"https:\/\/delucine.com\/un-autre-monde\/wp-json\/wp\/v2\/posts\/9412","targetHints":{"allow":["GET"]}}],"collection":[{"href":"https:\/\/delucine.com\/un-autre-monde\/wp-json\/wp\/v2\/posts"}],"about":[{"href":"https:\/\/delucine.com\/un-autre-monde\/wp-json\/wp\/v2\/types\/post"}],"author":[{"embeddable":true,"href":"https:\/\/delucine.com\/un-autre-monde\/wp-json\/wp\/v2\/users\/1"}],"replies":[{"embeddable":true,"href":"https:\/\/delucine.com\/un-autre-monde\/wp-json\/wp\/v2\/comments?post=9412"}],"version-history":[{"count":1,"href":"https:\/\/delucine.com\/un-autre-monde\/wp-json\/wp\/v2\/posts\/9412\/revisions"}],"predecessor-version":[{"id":9413,"href":"https:\/\/delucine.com\/un-autre-monde\/wp-json\/wp\/v2\/posts\/9412\/revisions\/9413"}],"wp:featuredmedia":[{"embeddable":true,"href":"https:\/\/delucine.com\/un-autre-monde\/wp-json\/wp\/v2\/media\/9408"}],"wp:attachment":[{"href":"https:\/\/delucine.com\/un-autre-monde\/wp-json\/wp\/v2\/media?parent=9412"}],"wp:term":[{"taxonomy":"category","embeddable":true,"href":"https:\/\/delucine.com\/un-autre-monde\/wp-json\/wp\/v2\/categories?post=9412"},{"taxonomy":"post_tag","embeddable":true,"href":"https:\/\/delucine.com\/un-autre-monde\/wp-json\/wp\/v2\/tags?post=9412"}],"curies":[{"name":"wp","href":"https:\/\/api.w.org\/{rel}","templated":true}]}}