{"id":917,"date":"2013-09-23T17:30:04","date_gmt":"2013-09-23T17:30:04","guid":{"rendered":"http:\/\/delucine.com\/un-autre-monde\/?p=917"},"modified":"2014-11-19T14:04:35","modified_gmt":"2014-11-19T14:04:35","slug":"fete-des-i-d-de-geotopia-le-samedi-21-et-dimanche-22-septembre","status":"publish","type":"post","link":"https:\/\/delucine.com\/un-autre-monde\/fete-des-i-d-de-geotopia-le-samedi-21-et-dimanche-22-septembre\/","title":{"rendered":"F\u00eate des I.D. de G\u00e9otopia, le samedi 21 et dimanche 22 septembre"},"content":{"rendered":"<p style=\"text-align: justify;\">Pour le samedi :<\/p>\n<p style=\"text-align: justify;\">Un couple de Martin p\u00eacheur d&#8217;Europe, nous ont fait une belle petite parade et des allers-retours \u00e0 c\u00f4t\u00e9 de l&#8217;observatoire.\u00a0<!--more-->La visite \u00e9clair de 2 aigrettes garzette et d&#8217;un \u00e9pervier qui s&#8217;est pos\u00e9 quelques secondes.\u00a0Et sur le retour, le grand planeur: le busard des roseaux.<\/p>\n<p style=\"text-align: justify;\">Pour le dimanche :<\/p>\n<p style=\"text-align: justify;\">En route vers l&#8217;observatoire, nous avons pu observer un groupe de bernaches nonnette.\u00a0A quelques pas, un papillon de nuit se reposait, c&#8217;est la M\u00e9ticuleuse ou Craintive (Phlogophora meticulosa).\u00a0Quelques r\u00e9glages pour r\u00e9aliser des photos et des petites vannes.\u00a0Un peu plus loin, pose de la longue vue, mettant en valeur le vert \u00e9clatant d&#8217;une petite libellule, le leste vert (Lestes viridis).<\/p>\n<p style=\"text-align: justify;\">A l&#8217;observatoire :<br \/> des gr\u00e8bes castagneux dont la plupart en plumage internuptial, un couple de fuligules morillon et 2 femelles milouin, des femelles de canards souchet, un couple de cygnes tubercul\u00e9 accompagnant ses jeunes ainsi ques des foulques macroule, des gallinules poule-d&#8217;eau&#8230;.et la visite \u00e9clair d&#8217;un h\u00e9ron cendr\u00e9.\u00a0Le couple de Martin p\u00eacheur d&#8217;Europe, \u00e9tait encore l\u00e0, mais se d\u00e9pla\u00e7ait de branche en branche, donc pas facile \u00e0 photographier et \u00e0 les observer \u00e0 la longue vue.\u00a0Sur le retour : des grenouilles rousses, le Conoc\u00e9phale bigarr\u00e9 et pour conclure, un vol migrateur de vanneaux hupp\u00e9s.<\/p>\n<p style=\"text-align: justify;\"><div id=\"metaslider-id-953\" style=\"max-width: 850px;\" class=\"ml-slider-3-103-0 metaslider metaslider-flex metaslider-953 ml-slider has-dots-nav ms-theme-default\" role=\"region\" aria-label=\"LPO G\u00e9otopia\" data-height=\"567\" data-width=\"850\">\n    <div id=\"metaslider_container_953\">\n        <div id=\"metaslider_953\" class=\"flexslider\">\n            <ul class='slides'>\n                <li style=\"display: block; width: 100%;\" class=\"slide-954 ms-image \" aria-roledescription=\"slide\" data-date=\"2013-12-26 09:15:30\" data-slide-type=\"image\"><img data-recalc-dims=\"1\" fetchpriority=\"high\" decoding=\"async\" src=\"https:\/\/i0.wp.com\/delucine.com\/un-autre-monde\/wp-content\/uploads\/2013\/12\/delucine-bernache-nonnette.jpg?resize=850%2C567&#038;ssl=1\" height=\"567\" width=\"850\" alt=\"\" class=\"slider-953 slide-954 msDefaultImage\" title=\"D\u00e9lucine - Bernache-nonnette (Branta leucopsis)\" \/><div class=\"caption-wrap\"><div class=\"caption\">D\u00e9lucine - Bernache-nonnette (Branta leucopsis)<\/div><\/div><\/li>\n                <li style=\"display: none; width: 100%;\" class=\"slide-957 ms-image \" aria-roledescription=\"slide\" data-date=\"2013-12-26 09:19:05\" data-slide-type=\"image\"><img data-recalc-dims=\"1\" decoding=\"async\" src=\"https:\/\/i0.wp.com\/delucine.com\/un-autre-monde\/wp-content\/uploads\/2013\/12\/delucine-grebe-castagneux.jpg?resize=850%2C567&#038;ssl=1\" height=\"567\" width=\"850\" alt=\"\" class=\"slider-953 slide-957 msDefaultImage\" title=\"D\u00e9lucine - Gr\u00e8be castagneux (Tachybaptus ruficollis) adulte en plumage internuptial\" \/><div class=\"caption-wrap\"><div class=\"caption\">D\u00e9lucine - Gr\u00e8be castagneux (Tachybaptus ruficollis) adulte en plumage internuptial<\/div><\/div><\/li>\n                <li style=\"display: none; width: 100%;\" class=\"slide-958 ms-image \" aria-roledescription=\"slide\" data-date=\"2013-12-26 09:19:20\" data-slide-type=\"image\"><img data-recalc-dims=\"1\" decoding=\"async\" src=\"https:\/\/i0.wp.com\/delucine.com\/un-autre-monde\/wp-content\/uploads\/2013\/12\/delucine-grenouille-verte-19.jpg?resize=850%2C567&#038;ssl=1\" height=\"567\" width=\"850\" alt=\"\" class=\"slider-953 slide-958 msDefaultImage\" title=\"D\u00e9lucine - Grenouille verte\" \/><div class=\"caption-wrap\"><div class=\"caption\">D\u00e9lucine - Grenouille verte<\/div><\/div><\/li>\n                <li style=\"display: none; width: 100%;\" class=\"slide-959 ms-image \" aria-roledescription=\"slide\" data-date=\"2013-12-26 09:19:39\" data-slide-type=\"image\"><img data-recalc-dims=\"1\" loading=\"lazy\" decoding=\"async\" src=\"https:\/\/i0.wp.com\/delucine.com\/un-autre-monde\/wp-content\/uploads\/2013\/12\/delucine-leste-vert-23.jpg?resize=850%2C567&#038;ssl=1\" height=\"567\" width=\"850\" alt=\"\" class=\"slider-953 slide-959 msDefaultImage\" title=\"D\u00e9lucine - Leste vert (Lestes viridis)\" \/><div class=\"caption-wrap\"><div class=\"caption\">D\u00e9lucine - Leste vert (Lestes viridis)<\/div><\/div><\/li>\n                <li style=\"display: none; width: 100%;\" class=\"slide-960 ms-image \" aria-roledescription=\"slide\" data-date=\"2013-12-26 09:19:45\" data-slide-type=\"image\"><img data-recalc-dims=\"1\" loading=\"lazy\" decoding=\"async\" src=\"https:\/\/i0.wp.com\/delucine.com\/un-autre-monde\/wp-content\/uploads\/2013\/12\/delucine-leste-vert-22.jpg?resize=850%2C567&#038;ssl=1\" height=\"567\" width=\"850\" alt=\"\" class=\"slider-953 slide-960 msDefaultImage\" title=\"D\u00e9lucine - Leste vert (Lestes viridis)\" \/><div class=\"caption-wrap\"><div class=\"caption\">D\u00e9lucine - Leste vert (Lestes viridis)<\/div><\/div><\/li>\n                <li style=\"display: none; width: 100%;\" class=\"slide-961 ms-image \" aria-roledescription=\"slide\" data-date=\"2013-12-26 09:21:17\" data-slide-type=\"image\"><img data-recalc-dims=\"1\" loading=\"lazy\" decoding=\"async\" src=\"https:\/\/i0.wp.com\/delucine.com\/un-autre-monde\/wp-content\/uploads\/2013\/12\/delucine-conocephale-bigarre-5.jpg?resize=850%2C567&#038;ssl=1\" height=\"567\" width=\"850\" alt=\"\" class=\"slider-953 slide-961 msDefaultImage\" title=\"D\u00e9lucine - Conoc\u00e9phale bigarr\u00e9 (Conocephalus fuscus)\" \/><div class=\"caption-wrap\"><div class=\"caption\">D\u00e9lucine - Conoc\u00e9phale bigarr\u00e9 (Conocephalus fuscus)<\/div><\/div><\/li>\n                <li style=\"display: none; width: 100%;\" class=\"slide-956 ms-image \" aria-roledescription=\"slide\" data-date=\"2013-12-26 09:16:32\" data-slide-type=\"image\"><img data-recalc-dims=\"1\" loading=\"lazy\" decoding=\"async\" src=\"https:\/\/i0.wp.com\/delucine.com\/un-autre-monde\/wp-content\/uploads\/2013\/12\/delucine-meticuleuse.jpg?resize=850%2C567&#038;ssl=1\" height=\"567\" width=\"850\" alt=\"\" class=\"slider-953 slide-956 msDefaultImage\" title=\"D\u00e9lucine - M\u00e9ticuleuse ou Craintive (Phlogophora meticulosa)\" \/><div class=\"caption-wrap\"><div class=\"caption\">D\u00e9lucine - M\u00e9ticuleuse ou Craintive (Phlogophora meticulosa)<\/div><\/div><\/li>\n                <li style=\"display: none; width: 100%;\" class=\"slide-955 ms-image \" aria-roledescription=\"slide\" data-date=\"2013-12-26 09:15:48\" data-slide-type=\"image\"><img data-recalc-dims=\"1\" loading=\"lazy\" decoding=\"async\" src=\"https:\/\/i0.wp.com\/delucine.com\/un-autre-monde\/wp-content\/uploads\/2013\/12\/delucine-conocephale-bigarre1.jpg?resize=850%2C567&#038;ssl=1\" height=\"567\" width=\"850\" alt=\"\" class=\"slider-953 slide-955 msDefaultImage\" title=\"D\u00e9lucine - Conoc\u00e9phale bigarr\u00e9 (Conocephalus fuscus)\" \/><div class=\"caption-wrap\"><div class=\"caption\">D\u00e9lucine - Conoc\u00e9phale bigarr\u00e9 (Conocephalus fuscus)<\/div><\/div><\/li>\n            <\/ul>\n        <\/div>\n        \n    <\/div>\n<\/div><\/p>\n","protected":false},"excerpt":{"rendered":"<p>Pour le samedi : Un couple de Martin p\u00eacheur d&#8217;Europe, nous ont fait une belle petite parade et des allers-retours \u00e0 c\u00f4t\u00e9 de l&#8217;observatoire.\u00a0<\/p>\n","protected":false},"author":1,"featured_media":963,"comment_status":"open","ping_status":"open","sticky":false,"template":"","format":"standard","meta":{"_jetpack_memberships_contains_paid_content":false,"footnotes":""},"categories":[6,8],"tags":[],"class_list":["post-917","post","type-post","status-publish","format-standard","has-post-thumbnail","hentry","category-lpo-pas-de-calais","category-sur-nos-chemins"],"jetpack_featured_media_url":"https:\/\/i0.wp.com\/delucine.com\/un-autre-monde\/wp-content\/uploads\/2013\/09\/delucine-lpo-pas-de-calais-fetes-des-id-geotopia.jpg?fit=768%2C576&ssl=1","jetpack_sharing_enabled":true,"_links":{"self":[{"href":"https:\/\/delucine.com\/un-autre-monde\/wp-json\/wp\/v2\/posts\/917","targetHints":{"allow":["GET"]}}],"collection":[{"href":"https:\/\/delucine.com\/un-autre-monde\/wp-json\/wp\/v2\/posts"}],"about":[{"href":"https:\/\/delucine.com\/un-autre-monde\/wp-json\/wp\/v2\/types\/post"}],"author":[{"embeddable":true,"href":"https:\/\/delucine.com\/un-autre-monde\/wp-json\/wp\/v2\/users\/1"}],"replies":[{"embeddable":true,"href":"https:\/\/delucine.com\/un-autre-monde\/wp-json\/wp\/v2\/comments?post=917"}],"version-history":[{"count":9,"href":"https:\/\/delucine.com\/un-autre-monde\/wp-json\/wp\/v2\/posts\/917\/revisions"}],"predecessor-version":[{"id":3357,"href":"https:\/\/delucine.com\/un-autre-monde\/wp-json\/wp\/v2\/posts\/917\/revisions\/3357"}],"wp:featuredmedia":[{"embeddable":true,"href":"https:\/\/delucine.com\/un-autre-monde\/wp-json\/wp\/v2\/media\/963"}],"wp:attachment":[{"href":"https:\/\/delucine.com\/un-autre-monde\/wp-json\/wp\/v2\/media?parent=917"}],"wp:term":[{"taxonomy":"category","embeddable":true,"href":"https:\/\/delucine.com\/un-autre-monde\/wp-json\/wp\/v2\/categories?post=917"},{"taxonomy":"post_tag","embeddable":true,"href":"https:\/\/delucine.com\/un-autre-monde\/wp-json\/wp\/v2\/tags?post=917"}],"curies":[{"name":"wp","href":"https:\/\/api.w.org\/{rel}","templated":true}]}}