{"id":8195,"date":"2015-10-23T16:03:49","date_gmt":"2015-10-23T16:03:49","guid":{"rendered":"http:\/\/delucine.com\/un-autre-monde\/?p=8195"},"modified":"2017-09-20T16:08:37","modified_gmt":"2017-09-20T16:08:37","slug":"petite-visite-du-festival-nature-namur","status":"publish","type":"post","link":"https:\/\/delucine.com\/un-autre-monde\/petite-visite-du-festival-nature-namur\/","title":{"rendered":"Petite visite du Festival Nature Namur"},"content":{"rendered":"<p>Quelques vues de mon stand &#8220;Du clair-obscur&#8221;, pour ce\u00a0qui n&#8217;ont pu venir me faire une petite visite au Festival International Nature de Namur&#8230;. et qui ont loup\u00e9 un superbe \u00e9v\u00e9nement !<\/p>\n<p>Et de plus,\u00a0mon expo servira de d\u00e9cors pour l&#8217;interview de Virginie Hess, coordinatrice du Festival, devant \u00a0par la cam\u00e9ra de la RTBF !<\/p>\n\n\t\t\t<!-- START Petite visite du Festival Nature Namur REVOLUTION SLIDER 6.6.8 --><p class=\"rs-p-wp-fix\"><\/p>\n\t\t\t<rs-module-wrap id=\"rev_slider_4_1_wrapper\" data-source=\"gallery\" style=\"visibility:hidden;background:transparent;padding:0;margin:0px auto;margin-top:0;margin-bottom:0;\">\n\t\t\t\t<rs-module id=\"rev_slider_4_1\" style=\"\" data-version=\"6.6.8\">\n\t\t\t\t\t<rs-slides style=\"overflow: hidden; position: absolute;\">\n\t\t\t\t\t\t<rs-slide style=\"position: absolute;\" data-key=\"rs-28\" data-title=\"Slide\" data-thumb=\"\/\/delucine.com\/un-autre-monde\/wp-content\/uploads\/2015\/10\/karl-gillebert-delucine-0339-100x50.jpg\" data-anim=\"adpr:false;\">\n\t\t\t\t\t\t\t<img data-recalc-dims=\"1\" decoding=\"async\" src=\"https:\/\/i0.wp.com\/delucine.com\/un-autre-monde\/wp-content\/plugins\/revslider\/public\/assets\/assets\/dummy.png?w=862\" alt=\"\" title=\"Petite visite du Festival Nature Namur\" class=\"rev-slidebg tp-rs-img rs-lazyload\" data-lazyload=\"\/\/delucine.com\/un-autre-monde\/wp-content\/uploads\/2015\/10\/karl-gillebert-delucine-0339.jpg\" data-no-retina>\n<!---->\t\t\t\t\t\t<\/rs-slide>\n\t\t\t\t\t\t<rs-slide style=\"position: absolute;\" data-key=\"rs-26\" data-title=\"Slide\" data-thumb=\"\/\/delucine.com\/un-autre-monde\/wp-content\/uploads\/2015\/10\/karl-gillebert-delucine-0341-100x50.jpg\" data-anim=\"adpr:false;\">\n\t\t\t\t\t\t\t<img data-recalc-dims=\"1\" decoding=\"async\" src=\"https:\/\/i0.wp.com\/delucine.com\/un-autre-monde\/wp-content\/plugins\/revslider\/public\/assets\/assets\/dummy.png?w=862\" alt=\"\" title=\"Petite visite du Festival Nature Namur\" class=\"rev-slidebg tp-rs-img rs-lazyload\" data-lazyload=\"\/\/delucine.com\/un-autre-monde\/wp-content\/uploads\/2015\/10\/karl-gillebert-delucine-0341.jpg\" data-no-retina>\n<!---->\t\t\t\t\t\t<\/rs-slide>\n\t\t\t\t\t\t<rs-slide style=\"position: absolute;\" data-key=\"rs-27\" data-title=\"Slide\" data-thumb=\"\/\/delucine.com\/un-autre-monde\/wp-content\/uploads\/2015\/10\/karl-gillebert-delucine-0342-100x50.jpg\" data-anim=\"adpr:false;\">\n\t\t\t\t\t\t\t<img data-recalc-dims=\"1\" decoding=\"async\" src=\"https:\/\/i0.wp.com\/delucine.com\/un-autre-monde\/wp-content\/plugins\/revslider\/public\/assets\/assets\/dummy.png?w=862\" alt=\"\" title=\"Petite visite du Festival Nature Namur\" class=\"rev-slidebg tp-rs-img rs-lazyload\" data-lazyload=\"\/\/delucine.com\/un-autre-monde\/wp-content\/uploads\/2015\/10\/karl-gillebert-delucine-0342.jpg\" data-no-retina>\n<!---->\t\t\t\t\t\t<\/rs-slide>\n\t\t\t\t\t\t<rs-slide style=\"position: absolute;\" data-key=\"rs-29\" data-title=\"Slide\" data-thumb=\"\/\/delucine.com\/un-autre-monde\/wp-content\/uploads\/2015\/10\/karl-gillebert-delucine-0351-100x50.jpg\" data-anim=\"adpr:false;\">\n\t\t\t\t\t\t\t<img data-recalc-dims=\"1\" decoding=\"async\" src=\"https:\/\/i0.wp.com\/delucine.com\/un-autre-monde\/wp-content\/plugins\/revslider\/public\/assets\/assets\/dummy.png?w=862\" alt=\"\" title=\"Petite visite du Festival Nature Namur\" class=\"rev-slidebg tp-rs-img rs-lazyload\" data-lazyload=\"\/\/delucine.com\/un-autre-monde\/wp-content\/uploads\/2015\/10\/karl-gillebert-delucine-0351.jpg\" data-no-retina>\n<!---->\t\t\t\t\t\t<\/rs-slide>\n\t\t\t\t\t\t<rs-slide style=\"position: absolute;\" data-key=\"rs-128\" data-title=\"Slide\" data-thumb=\"\/\/delucine.com\/un-autre-monde\/wp-content\/uploads\/2017\/09\/karl-gillebert-delucine-festival-nature-namur-exposition-2-100x50.jpg\" data-anim=\"adpr:false;\">\n\t\t\t\t\t\t\t<img data-recalc-dims=\"1\" decoding=\"async\" src=\"https:\/\/i0.wp.com\/delucine.com\/un-autre-monde\/wp-content\/plugins\/revslider\/public\/assets\/assets\/dummy.png?w=862\" alt=\"\" title=\"Petite visite du Festival Nature Namur\" class=\"rev-slidebg tp-rs-img rs-lazyload\" data-lazyload=\"\/\/delucine.com\/un-autre-monde\/wp-content\/uploads\/2017\/09\/karl-gillebert-delucine-festival-nature-namur-exposition-2.jpg\" data-no-retina>\n<!---->\t\t\t\t\t\t<\/rs-slide>\n\t\t\t\t\t\t<rs-slide style=\"position: absolute;\" data-key=\"rs-30\" data-title=\"Slide\" data-thumb=\"\/\/delucine.com\/un-autre-monde\/wp-content\/uploads\/2015\/10\/karl-gillebert-delucine-0322-100x50.jpg\" data-anim=\"adpr:false;\">\n\t\t\t\t\t\t\t<img data-recalc-dims=\"1\" decoding=\"async\" src=\"https:\/\/i0.wp.com\/delucine.com\/un-autre-monde\/wp-content\/plugins\/revslider\/public\/assets\/assets\/dummy.png?w=862\" alt=\"\" title=\"Petite visite du Festival Nature Namur\" class=\"rev-slidebg tp-rs-img rs-lazyload\" data-lazyload=\"\/\/delucine.com\/un-autre-monde\/wp-content\/uploads\/2015\/10\/karl-gillebert-delucine-0322.jpg\" data-no-retina>\n<!---->\t\t\t\t\t\t<\/rs-slide>\n\t\t\t\t\t\t<rs-slide style=\"position: absolute;\" data-key=\"rs-31\" data-title=\"Slide\" data-thumb=\"\/\/delucine.com\/un-autre-monde\/wp-content\/uploads\/2015\/10\/karl-gillebert-delucine-0348-100x50.jpg\" data-anim=\"adpr:false;\">\n\t\t\t\t\t\t\t<img data-recalc-dims=\"1\" decoding=\"async\" src=\"https:\/\/i0.wp.com\/delucine.com\/un-autre-monde\/wp-content\/plugins\/revslider\/public\/assets\/assets\/dummy.png?w=862\" alt=\"\" title=\"Petite visite du Festival Nature Namur\" class=\"rev-slidebg tp-rs-img rs-lazyload\" data-lazyload=\"\/\/delucine.com\/un-autre-monde\/wp-content\/uploads\/2015\/10\/karl-gillebert-delucine-0348.jpg\" data-no-retina>\n<!---->\t\t\t\t\t\t<\/rs-slide>\n\t\t\t\t\t\t<rs-slide style=\"position: absolute;\" data-key=\"rs-127\" data-title=\"Slide\" data-thumb=\"\/\/delucine.com\/un-autre-monde\/wp-content\/uploads\/2017\/09\/karl-gillebert-delucine-festival-nature-namur-exposition-100x50.jpg\" data-anim=\"adpr:false;\">\n\t\t\t\t\t\t\t<img data-recalc-dims=\"1\" decoding=\"async\" src=\"https:\/\/i0.wp.com\/delucine.com\/un-autre-monde\/wp-content\/plugins\/revslider\/public\/assets\/assets\/dummy.png?w=862\" alt=\"\" title=\"Petite visite du Festival Nature Namur\" class=\"rev-slidebg tp-rs-img rs-lazyload\" data-lazyload=\"\/\/delucine.com\/un-autre-monde\/wp-content\/uploads\/2017\/09\/karl-gillebert-delucine-festival-nature-namur-exposition.jpg\" data-no-retina>\n<!---->\t\t\t\t\t\t<\/rs-slide>\n\t\t\t\t\t\t<rs-slide style=\"position: absolute;\" data-key=\"rs-38\" data-title=\"Slide\" data-thumb=\"\/\/delucine.com\/un-autre-monde\/wp-content\/uploads\/2015\/10\/karl-gillebert-delucine-0332-100x50.jpg\" data-anim=\"adpr:false;\">\n\t\t\t\t\t\t\t<img data-recalc-dims=\"1\" decoding=\"async\" src=\"https:\/\/i0.wp.com\/delucine.com\/un-autre-monde\/wp-content\/plugins\/revslider\/public\/assets\/assets\/dummy.png?w=862\" alt=\"\" title=\"Petite visite du Festival Nature Namur\" class=\"rev-slidebg tp-rs-img rs-lazyload\" data-lazyload=\"\/\/delucine.com\/un-autre-monde\/wp-content\/uploads\/2015\/10\/karl-gillebert-delucine-0332.jpg\" data-no-retina>\n<!---->\t\t\t\t\t\t<\/rs-slide>\n\t\t\t\t\t\t<rs-slide style=\"position: absolute;\" data-key=\"rs-32\" data-title=\"Slide\" data-thumb=\"\/\/delucine.com\/un-autre-monde\/wp-content\/uploads\/2015\/10\/karl-gillebert-delucine-0328-100x50.jpg\" data-anim=\"adpr:false;\">\n\t\t\t\t\t\t\t<img data-recalc-dims=\"1\" decoding=\"async\" src=\"https:\/\/i0.wp.com\/delucine.com\/un-autre-monde\/wp-content\/plugins\/revslider\/public\/assets\/assets\/dummy.png?w=862\" alt=\"\" title=\"Petite visite du Festival Nature Namur\" class=\"rev-slidebg tp-rs-img rs-lazyload\" data-lazyload=\"\/\/delucine.com\/un-autre-monde\/wp-content\/uploads\/2015\/10\/karl-gillebert-delucine-0328.jpg\" data-no-retina>\n<!---->\t\t\t\t\t\t<\/rs-slide>\n\t\t\t\t\t\t<rs-slide style=\"position: absolute;\" data-key=\"rs-33\" data-title=\"Slide\" data-thumb=\"\/\/delucine.com\/un-autre-monde\/wp-content\/uploads\/2015\/10\/karl-gillebert-delucine-0356-100x50.jpg\" data-anim=\"adpr:false;\">\n\t\t\t\t\t\t\t<img data-recalc-dims=\"1\" decoding=\"async\" src=\"https:\/\/i0.wp.com\/delucine.com\/un-autre-monde\/wp-content\/plugins\/revslider\/public\/assets\/assets\/dummy.png?w=862\" alt=\"\" title=\"Petite visite du Festival Nature Namur\" class=\"rev-slidebg tp-rs-img rs-lazyload\" data-lazyload=\"\/\/delucine.com\/un-autre-monde\/wp-content\/uploads\/2015\/10\/karl-gillebert-delucine-0356.jpg\" data-no-retina>\n<!---->\t\t\t\t\t\t<\/rs-slide>\n\t\t\t\t\t\t<rs-slide style=\"position: absolute;\" data-key=\"rs-34\" data-title=\"Slide\" data-thumb=\"\/\/delucine.com\/un-autre-monde\/wp-content\/uploads\/2015\/10\/karl-gillebert-delucine-0357-100x50.jpg\" data-anim=\"adpr:false;\">\n\t\t\t\t\t\t\t<img data-recalc-dims=\"1\" decoding=\"async\" src=\"https:\/\/i0.wp.com\/delucine.com\/un-autre-monde\/wp-content\/plugins\/revslider\/public\/assets\/assets\/dummy.png?w=862\" alt=\"\" title=\"Petite visite du Festival Nature Namur\" class=\"rev-slidebg tp-rs-img rs-lazyload\" data-lazyload=\"\/\/delucine.com\/un-autre-monde\/wp-content\/uploads\/2015\/10\/karl-gillebert-delucine-0357.jpg\" data-no-retina>\n<!---->\t\t\t\t\t\t<\/rs-slide>\n\t\t\t\t\t\t<rs-slide style=\"position: absolute;\" data-key=\"rs-35\" data-title=\"Slide\" data-thumb=\"\/\/delucine.com\/un-autre-monde\/wp-content\/uploads\/2015\/10\/karl-gillebert-delucine-0358-100x50.jpg\" data-anim=\"adpr:false;\">\n\t\t\t\t\t\t\t<img data-recalc-dims=\"1\" decoding=\"async\" src=\"https:\/\/i0.wp.com\/delucine.com\/un-autre-monde\/wp-content\/plugins\/revslider\/public\/assets\/assets\/dummy.png?w=862\" alt=\"\" title=\"Petite visite du Festival Nature Namur\" class=\"rev-slidebg tp-rs-img rs-lazyload\" data-lazyload=\"\/\/delucine.com\/un-autre-monde\/wp-content\/uploads\/2015\/10\/karl-gillebert-delucine-0358.jpg\" data-no-retina>\n<!---->\t\t\t\t\t\t<\/rs-slide>\n\t\t\t\t\t\t<rs-slide style=\"position: absolute;\" data-key=\"rs-36\" data-title=\"Slide\" data-thumb=\"\/\/delucine.com\/un-autre-monde\/wp-content\/uploads\/2015\/10\/karl-gillebert-delucine-0360-100x50.jpg\" data-anim=\"adpr:false;\">\n\t\t\t\t\t\t\t<img data-recalc-dims=\"1\" decoding=\"async\" src=\"https:\/\/i0.wp.com\/delucine.com\/un-autre-monde\/wp-content\/plugins\/revslider\/public\/assets\/assets\/dummy.png?w=862\" alt=\"\" title=\"Petite visite du Festival Nature Namur\" class=\"rev-slidebg tp-rs-img rs-lazyload\" data-lazyload=\"\/\/delucine.com\/un-autre-monde\/wp-content\/uploads\/2015\/10\/karl-gillebert-delucine-0360.jpg\" data-no-retina>\n<!---->\t\t\t\t\t\t<\/rs-slide>\n\t\t\t\t\t\t<rs-slide style=\"position: absolute;\" data-key=\"rs-37\" data-title=\"Slide\" data-thumb=\"\/\/delucine.com\/un-autre-monde\/wp-content\/uploads\/2015\/10\/karl-gillebert-delucine-0365-100x50.jpg\" data-anim=\"adpr:false;\">\n\t\t\t\t\t\t\t<img data-recalc-dims=\"1\" decoding=\"async\" src=\"https:\/\/i0.wp.com\/delucine.com\/un-autre-monde\/wp-content\/plugins\/revslider\/public\/assets\/assets\/dummy.png?w=862\" alt=\"\" title=\"Petite visite du Festival Nature Namur\" class=\"rev-slidebg tp-rs-img rs-lazyload\" data-lazyload=\"\/\/delucine.com\/un-autre-monde\/wp-content\/uploads\/2015\/10\/karl-gillebert-delucine-0365.jpg\" data-no-retina>\n<!---->\t\t\t\t\t\t<\/rs-slide>\n\t\t\t\t\t<\/rs-slides>\n\t\t\t\t<\/rs-module>\n\t\t\t\t<script>\n\t\t\t\t\tsetREVStartSize({c: 'rev_slider_4_1',rl:[1240,1024,768,480],el:[],gw:[1000],gh:[667],type:'standard',justify:'',layout:'fullwidth',mh:\"0\"});if (window.RS_MODULES!==undefined && window.RS_MODULES.modules!==undefined && window.RS_MODULES.modules[\"revslider41\"]!==undefined) {window.RS_MODULES.modules[\"revslider41\"].once = false;window.revapi4 = undefined;if (window.RS_MODULES.checkMinimal!==undefined) window.RS_MODULES.checkMinimal()}\n\t\t\t\t<\/script>\n\t\t\t<\/rs-module-wrap>\n\t\t\t<!-- END REVOLUTION SLIDER -->\n\n","protected":false},"excerpt":{"rendered":"<p>Quelques vues de mon stand &#8220;Du clair-obscur&#8221;, pour ce\u00a0qui n&#8217;ont pu venir me faire une petite visite au Festival International Nature de Namur&#8230;. et qui ont loup\u00e9 un superbe \u00e9v\u00e9nement ! Et de plus,\u00a0mon expo servira de d\u00e9cors pour l&#8217;interview de Virginie Hess, coordinatrice du Festival, devant \u00a0par la cam\u00e9ra de la RTBF !<\/p>\n","protected":false},"author":1,"featured_media":8203,"comment_status":"closed","ping_status":"closed","sticky":false,"template":"","format":"image","meta":{"_jetpack_memberships_contains_paid_content":false,"footnotes":""},"categories":[4,5,8],"tags":[],"class_list":["post-8195","post","type-post","status-publish","format-image","has-post-thumbnail","hentry","category-evenements","category-expositions","category-sur-nos-chemins","post_format-post-format-image"],"jetpack_featured_media_url":"https:\/\/i0.wp.com\/delucine.com\/un-autre-monde\/wp-content\/uploads\/2015\/10\/karl-gillebert-delucine-0357.jpg?fit=889%2C667&ssl=1","jetpack_sharing_enabled":true,"_links":{"self":[{"href":"https:\/\/delucine.com\/un-autre-monde\/wp-json\/wp\/v2\/posts\/8195","targetHints":{"allow":["GET"]}}],"collection":[{"href":"https:\/\/delucine.com\/un-autre-monde\/wp-json\/wp\/v2\/posts"}],"about":[{"href":"https:\/\/delucine.com\/un-autre-monde\/wp-json\/wp\/v2\/types\/post"}],"author":[{"embeddable":true,"href":"https:\/\/delucine.com\/un-autre-monde\/wp-json\/wp\/v2\/users\/1"}],"replies":[{"embeddable":true,"href":"https:\/\/delucine.com\/un-autre-monde\/wp-json\/wp\/v2\/comments?post=8195"}],"version-history":[{"count":3,"href":"https:\/\/delucine.com\/un-autre-monde\/wp-json\/wp\/v2\/posts\/8195\/revisions"}],"predecessor-version":[{"id":8329,"href":"https:\/\/delucine.com\/un-autre-monde\/wp-json\/wp\/v2\/posts\/8195\/revisions\/8329"}],"wp:featuredmedia":[{"embeddable":true,"href":"https:\/\/delucine.com\/un-autre-monde\/wp-json\/wp\/v2\/media\/8203"}],"wp:attachment":[{"href":"https:\/\/delucine.com\/un-autre-monde\/wp-json\/wp\/v2\/media?parent=8195"}],"wp:term":[{"taxonomy":"category","embeddable":true,"href":"https:\/\/delucine.com\/un-autre-monde\/wp-json\/wp\/v2\/categories?post=8195"},{"taxonomy":"post_tag","embeddable":true,"href":"https:\/\/delucine.com\/un-autre-monde\/wp-json\/wp\/v2\/tags?post=8195"}],"curies":[{"name":"wp","href":"https:\/\/api.w.org\/{rel}","templated":true}]}}