{"id":4605,"date":"2015-09-23T11:02:12","date_gmt":"2015-09-23T11:02:12","guid":{"rendered":"http:\/\/delucine.com\/un-autre-monde\/?p=4605"},"modified":"2015-09-23T11:02:12","modified_gmt":"2015-09-23T11:02:12","slug":"exposition-et-conference-19-et-20-septembre","status":"publish","type":"post","link":"https:\/\/delucine.com\/un-autre-monde\/exposition-et-conference-19-et-20-septembre\/","title":{"rendered":"Exposition et conf\u00e9rence &#8211; 19 et 20 septembre"},"content":{"rendered":"<p>Merci \u00e0 tous pour votre visite au Festival de la photo animali\u00e8re organis\u00e9 par la LPO Pas-de-Calais, plus de 200 personnes pendant les journ\u00e9es du patrimoine. Certaines de mes photos ont \u00e9t\u00e9 expos\u00e9es. Un grand merci \u00e9galement \u00e0 ceux qui, ce dimanche ont assist\u00e9s \u00e0 ma premi\u00e8re conf\u00e9rence sur les Libellules (Odonates).<br \/>\nPhotographies \u00a9 Alexia Caulier<\/p>\n<p><img data-recalc-dims=\"1\" fetchpriority=\"high\" decoding=\"async\" class=\"alignnone size-medium wp-image-4607\" src=\"https:\/\/i0.wp.com\/delucine.com\/un-autre-monde\/wp-content\/uploads\/2015\/09\/karl-gillebert-delucine-conference-libellule-2-300x181.jpg?resize=300%2C181\" alt=\"Karl- Gillebert \/ D\u00e9lucine - Conference libellule\" width=\"300\" height=\"181\" srcset=\"https:\/\/i0.wp.com\/delucine.com\/un-autre-monde\/wp-content\/uploads\/2015\/09\/karl-gillebert-delucine-conference-libellule-2.jpg?resize=300%2C181&amp;ssl=1 300w, https:\/\/i0.wp.com\/delucine.com\/un-autre-monde\/wp-content\/uploads\/2015\/09\/karl-gillebert-delucine-conference-libellule-2.jpg?resize=1024%2C617&amp;ssl=1 1024w, https:\/\/i0.wp.com\/delucine.com\/un-autre-monde\/wp-content\/uploads\/2015\/09\/karl-gillebert-delucine-conference-libellule-2.jpg?resize=418%2C252&amp;ssl=1 418w, https:\/\/i0.wp.com\/delucine.com\/un-autre-monde\/wp-content\/uploads\/2015\/09\/karl-gillebert-delucine-conference-libellule-2.jpg?resize=1210%2C729&amp;ssl=1 1210w, https:\/\/i0.wp.com\/delucine.com\/un-autre-monde\/wp-content\/uploads\/2015\/09\/karl-gillebert-delucine-conference-libellule-2.jpg?resize=1170%2C705&amp;ssl=1 1170w, https:\/\/i0.wp.com\/delucine.com\/un-autre-monde\/wp-content\/uploads\/2015\/09\/karl-gillebert-delucine-conference-libellule-2.jpg?w=2048&amp;ssl=1 2048w, https:\/\/i0.wp.com\/delucine.com\/un-autre-monde\/wp-content\/uploads\/2015\/09\/karl-gillebert-delucine-conference-libellule-2.jpg?w=1725&amp;ssl=1 1725w\" sizes=\"(max-width: 300px) 100vw, 300px\" \/><\/p>\n","protected":false},"excerpt":{"rendered":"<p>Merci \u00e0 tous pour votre visite au Festival de la photo animali\u00e8re organis\u00e9 par la LPO Pas-de-Calais, plus de 200 personnes pendant les journ\u00e9es du patrimoine. Certaines de mes photos ont \u00e9t\u00e9 expos\u00e9es. Un grand merci \u00e9galement \u00e0 ceux qui, ce dimanche ont assist\u00e9s \u00e0 ma premi\u00e8re conf\u00e9rence sur les Libellules (Odonates). Photographies \u00a9 Alexia [&hellip;]<\/p>\n","protected":false},"author":1,"featured_media":4606,"comment_status":"closed","ping_status":"closed","sticky":false,"template":"","format":"image","meta":{"_jetpack_memberships_contains_paid_content":false,"footnotes":""},"categories":[4,5,6,8],"tags":[],"class_list":["post-4605","post","type-post","status-publish","format-image","has-post-thumbnail","hentry","category-evenements","category-expositions","category-lpo-pas-de-calais","category-sur-nos-chemins","post_format-post-format-image"],"jetpack_featured_media_url":"https:\/\/i0.wp.com\/delucine.com\/un-autre-monde\/wp-content\/uploads\/2015\/09\/karl-gillebert-delucine-conference-libellule.jpg?fit=2048%2C1536&ssl=1","jetpack_sharing_enabled":true,"_links":{"self":[{"href":"https:\/\/delucine.com\/un-autre-monde\/wp-json\/wp\/v2\/posts\/4605","targetHints":{"allow":["GET"]}}],"collection":[{"href":"https:\/\/delucine.com\/un-autre-monde\/wp-json\/wp\/v2\/posts"}],"about":[{"href":"https:\/\/delucine.com\/un-autre-monde\/wp-json\/wp\/v2\/types\/post"}],"author":[{"embeddable":true,"href":"https:\/\/delucine.com\/un-autre-monde\/wp-json\/wp\/v2\/users\/1"}],"replies":[{"embeddable":true,"href":"https:\/\/delucine.com\/un-autre-monde\/wp-json\/wp\/v2\/comments?post=4605"}],"version-history":[{"count":1,"href":"https:\/\/delucine.com\/un-autre-monde\/wp-json\/wp\/v2\/posts\/4605\/revisions"}],"predecessor-version":[{"id":4608,"href":"https:\/\/delucine.com\/un-autre-monde\/wp-json\/wp\/v2\/posts\/4605\/revisions\/4608"}],"wp:featuredmedia":[{"embeddable":true,"href":"https:\/\/delucine.com\/un-autre-monde\/wp-json\/wp\/v2\/media\/4606"}],"wp:attachment":[{"href":"https:\/\/delucine.com\/un-autre-monde\/wp-json\/wp\/v2\/media?parent=4605"}],"wp:term":[{"taxonomy":"category","embeddable":true,"href":"https:\/\/delucine.com\/un-autre-monde\/wp-json\/wp\/v2\/categories?post=4605"},{"taxonomy":"post_tag","embeddable":true,"href":"https:\/\/delucine.com\/un-autre-monde\/wp-json\/wp\/v2\/tags?post=4605"}],"curies":[{"name":"wp","href":"https:\/\/api.w.org\/{rel}","templated":true}]}}