{"id":4513,"date":"2015-08-06T15:24:59","date_gmt":"2015-08-06T15:24:59","guid":{"rendered":"http:\/\/delucine.com\/un-autre-monde\/?p=4513"},"modified":"2019-06-15T10:50:55","modified_gmt":"2019-06-15T10:50:55","slug":"damier-de-la-succise-euphydryas-aurinia","status":"publish","type":"post","link":"https:\/\/delucine.com\/un-autre-monde\/damier-de-la-succise-euphydryas-aurinia\/","title":{"rendered":"Damier de la succise (Euphydryas aurinia)"},"content":{"rendered":"<p>Damier de la succise (Euphydryas aurinia) &#8211; Nord &#8211; Pas-de-Calais 2015<br \/>\nDans la r\u00e9gion Nord &#8211; Pas-de-Calais, le Damier de la succise est la seule esp\u00e8ce de la r\u00e9gion b\u00e9n\u00e9ficiant d\u2019une protection au niveau national. La Loi interdit la capture et le commerce de cette esp\u00e8ce.<br \/>\nEn France il figure sur la liste des esp\u00e8ces prot\u00e9g\u00e9es, il est sur la liste rouge mondiale des esp\u00e8ces menac\u00e9es.<\/p>\n","protected":false},"excerpt":{"rendered":"<p>Damier de la succise (Euphydryas aurinia) &#8211; Nord &#8211; Pas-de-Calais 2015 Dans la r\u00e9gion Nord &#8211; Pas-de-Calais, le Damier de la succise est la seule esp\u00e8ce de la r\u00e9gion b\u00e9n\u00e9ficiant d\u2019une protection au niveau national. La Loi interdit la capture et le commerce de cette esp\u00e8ce. En France il figure sur la liste des esp\u00e8ces [&hellip;]<\/p>\n","protected":false},"author":1,"featured_media":4514,"comment_status":"closed","ping_status":"closed","sticky":false,"template":"","format":"image","meta":{"_jetpack_memberships_contains_paid_content":false,"footnotes":""},"categories":[471,474,475,7,476,8],"tags":[],"class_list":["post-4513","post","type-post","status-publish","format-image","has-post-thumbnail","hentry","category-identifications","category-insectes","category-lepidopteres","category-observations","category-rhopaloceres-papillons-de-jour","category-sur-nos-chemins","post_format-post-format-image"],"jetpack_featured_media_url":"https:\/\/i0.wp.com\/delucine.com\/un-autre-monde\/wp-content\/uploads\/2015\/08\/delucine-damier_de_la_succise.jpg?fit=1000%2C667&ssl=1","jetpack_sharing_enabled":true,"_links":{"self":[{"href":"https:\/\/delucine.com\/un-autre-monde\/wp-json\/wp\/v2\/posts\/4513","targetHints":{"allow":["GET"]}}],"collection":[{"href":"https:\/\/delucine.com\/un-autre-monde\/wp-json\/wp\/v2\/posts"}],"about":[{"href":"https:\/\/delucine.com\/un-autre-monde\/wp-json\/wp\/v2\/types\/post"}],"author":[{"embeddable":true,"href":"https:\/\/delucine.com\/un-autre-monde\/wp-json\/wp\/v2\/users\/1"}],"replies":[{"embeddable":true,"href":"https:\/\/delucine.com\/un-autre-monde\/wp-json\/wp\/v2\/comments?post=4513"}],"version-history":[{"count":2,"href":"https:\/\/delucine.com\/un-autre-monde\/wp-json\/wp\/v2\/posts\/4513\/revisions"}],"predecessor-version":[{"id":4516,"href":"https:\/\/delucine.com\/un-autre-monde\/wp-json\/wp\/v2\/posts\/4513\/revisions\/4516"}],"wp:featuredmedia":[{"embeddable":true,"href":"https:\/\/delucine.com\/un-autre-monde\/wp-json\/wp\/v2\/media\/4514"}],"wp:attachment":[{"href":"https:\/\/delucine.com\/un-autre-monde\/wp-json\/wp\/v2\/media?parent=4513"}],"wp:term":[{"taxonomy":"category","embeddable":true,"href":"https:\/\/delucine.com\/un-autre-monde\/wp-json\/wp\/v2\/categories?post=4513"},{"taxonomy":"post_tag","embeddable":true,"href":"https:\/\/delucine.com\/un-autre-monde\/wp-json\/wp\/v2\/tags?post=4513"}],"curies":[{"name":"wp","href":"https:\/\/api.w.org\/{rel}","templated":true}]}}