{"id":4490,"date":"2015-07-22T10:46:56","date_gmt":"2015-07-22T10:46:56","guid":{"rendered":"http:\/\/delucine.com\/un-autre-monde\/?p=4490"},"modified":"2015-07-22T10:46:56","modified_gmt":"2015-07-22T10:46:56","slug":"contribution-a-latlas-des-oiseaux-nicheurs-du-nord-pas-de-calais-du-gon","status":"publish","type":"post","link":"https:\/\/delucine.com\/un-autre-monde\/contribution-a-latlas-des-oiseaux-nicheurs-du-nord-pas-de-calais-du-gon\/","title":{"rendered":"Contribution \u00e0 l&#8217;Atlas des Oiseaux nicheurs du Nord &#8211; Pas-de-Calais du GON"},"content":{"rendered":"<p>Karl contribue aussi \u00e0 l&#8217;Atlas des Oiseaux nicheurs du Nord &#8211; Pas-de-Calais du GON, et il est 5\u00e8me observateurs ayant not\u00e9 le plus de comportements de reproduction depuis le 1er janvier 2015 au 20 juillet 2015.<\/p>\n<p><a href=\"https:\/\/www.facebook.com\/1386212491636370\/photos\/a.1388255981432021.1073741828.1386212491636370\/1632521330338817\/?type=1&amp;theater\" target=\"_blank\"><img data-recalc-dims=\"1\" fetchpriority=\"high\" decoding=\"async\" class=\"alignnone size-full wp-image-4492\" src=\"https:\/\/i0.wp.com\/delucine.com\/un-autre-monde\/wp-content\/uploads\/2015\/07\/delucine-contribution-atlas-oiseau-nicheur-nord-pas-de-calais-gon.jpg?resize=493%2C617\" alt=\"Contribution \u00e0 l'Atlas des Oiseaux nicheurs du Nord - Pas-de-Calais du GON\" width=\"493\" height=\"617\" srcset=\"https:\/\/i0.wp.com\/delucine.com\/un-autre-monde\/wp-content\/uploads\/2015\/07\/delucine-contribution-atlas-oiseau-nicheur-nord-pas-de-calais-gon.jpg?w=493&amp;ssl=1 493w, https:\/\/i0.wp.com\/delucine.com\/un-autre-monde\/wp-content\/uploads\/2015\/07\/delucine-contribution-atlas-oiseau-nicheur-nord-pas-de-calais-gon.jpg?resize=240%2C300&amp;ssl=1 240w, https:\/\/i0.wp.com\/delucine.com\/un-autre-monde\/wp-content\/uploads\/2015\/07\/delucine-contribution-atlas-oiseau-nicheur-nord-pas-de-calais-gon.jpg?resize=334%2C418&amp;ssl=1 334w, https:\/\/i0.wp.com\/delucine.com\/un-autre-monde\/wp-content\/uploads\/2015\/07\/delucine-contribution-atlas-oiseau-nicheur-nord-pas-de-calais-gon.jpg?resize=300%2C375&amp;ssl=1 300w\" sizes=\"(max-width: 493px) 100vw, 493px\" \/><\/a><\/p>\n","protected":false},"excerpt":{"rendered":"<p>Karl contribue aussi \u00e0 l&#8217;Atlas des Oiseaux nicheurs du Nord &#8211; Pas-de-Calais du GON, et il est 5\u00e8me observateurs ayant not\u00e9 le plus de comportements de reproduction depuis le 1er janvier 2015 au 20 juillet 2015.<\/p>\n","protected":false},"author":1,"featured_media":4491,"comment_status":"closed","ping_status":"closed","sticky":false,"template":"","format":"image","meta":{"_jetpack_memberships_contains_paid_content":false,"footnotes":""},"categories":[4,7,8],"tags":[],"class_list":["post-4490","post","type-post","status-publish","format-image","has-post-thumbnail","hentry","category-evenements","category-observations","category-sur-nos-chemins","post_format-post-format-image"],"jetpack_featured_media_url":"https:\/\/i0.wp.com\/delucine.com\/un-autre-monde\/wp-content\/uploads\/2015\/07\/delucine-contribution-atlas-oiseau-nicheur-nord-pas-de-calais-gon-2.jpg?fit=750%2C750&ssl=1","jetpack_sharing_enabled":true,"_links":{"self":[{"href":"https:\/\/delucine.com\/un-autre-monde\/wp-json\/wp\/v2\/posts\/4490","targetHints":{"allow":["GET"]}}],"collection":[{"href":"https:\/\/delucine.com\/un-autre-monde\/wp-json\/wp\/v2\/posts"}],"about":[{"href":"https:\/\/delucine.com\/un-autre-monde\/wp-json\/wp\/v2\/types\/post"}],"author":[{"embeddable":true,"href":"https:\/\/delucine.com\/un-autre-monde\/wp-json\/wp\/v2\/users\/1"}],"replies":[{"embeddable":true,"href":"https:\/\/delucine.com\/un-autre-monde\/wp-json\/wp\/v2\/comments?post=4490"}],"version-history":[{"count":1,"href":"https:\/\/delucine.com\/un-autre-monde\/wp-json\/wp\/v2\/posts\/4490\/revisions"}],"predecessor-version":[{"id":4493,"href":"https:\/\/delucine.com\/un-autre-monde\/wp-json\/wp\/v2\/posts\/4490\/revisions\/4493"}],"wp:featuredmedia":[{"embeddable":true,"href":"https:\/\/delucine.com\/un-autre-monde\/wp-json\/wp\/v2\/media\/4491"}],"wp:attachment":[{"href":"https:\/\/delucine.com\/un-autre-monde\/wp-json\/wp\/v2\/media?parent=4490"}],"wp:term":[{"taxonomy":"category","embeddable":true,"href":"https:\/\/delucine.com\/un-autre-monde\/wp-json\/wp\/v2\/categories?post=4490"},{"taxonomy":"post_tag","embeddable":true,"href":"https:\/\/delucine.com\/un-autre-monde\/wp-json\/wp\/v2\/tags?post=4490"}],"curies":[{"name":"wp","href":"https:\/\/api.w.org\/{rel}","templated":true}]}}