{"id":3682,"date":"2014-11-18T19:13:34","date_gmt":"2014-11-18T19:13:34","guid":{"rendered":"http:\/\/delucine.com\/un-autre-monde\/?p=3682"},"modified":"2017-09-20T16:01:29","modified_gmt":"2017-09-20T16:01:29","slug":"prix-de-l-association-des-beaux-arts","status":"publish","type":"post","link":"https:\/\/delucine.com\/un-autre-monde\/prix-de-l-association-des-beaux-arts\/","title":{"rendered":"Prix de l&#8217;Association des Beaux Arts"},"content":{"rendered":"<p>Le Salon de la photo de St-Omer est jusqu&#8217;au dimanche 23 novembre.<br \/>\nL&#8217;ensemble des photographies de D\u00e9lucine ont re\u00e7ues le prix de l&#8217;Association des Beaux Arts.<\/p>\n<p>Galerie des Tableaux (H\u00f4tel de Ville sur la Grand place au second \u00e9tage). Seulement l&#8217;apr\u00e8s-midi.<\/p>\n<div class=\"text_exposed_show\">\n<p>Un grand merci \u00e0 Alexia Caulier pour la photo.<\/p>\n<\/div>\n","protected":false},"excerpt":{"rendered":"<p>Le Salon de la photo de St-Omer est jusqu&#8217;au dimanche 23 novembre. L&#8217;ensemble des photographies de D\u00e9lucine ont re\u00e7ues le prix de l&#8217;Association des Beaux Arts. Galerie des Tableaux (H\u00f4tel de Ville sur la Grand place au second \u00e9tage). Seulement l&#8217;apr\u00e8s-midi. Un grand merci \u00e0 Alexia Caulier pour la photo.<\/p>\n","protected":false},"author":1,"featured_media":3683,"comment_status":"closed","ping_status":"closed","sticky":false,"template":"","format":"image","meta":{"_jetpack_memberships_contains_paid_content":false,"footnotes":""},"categories":[4,5,8],"tags":[],"class_list":["post-3682","post","type-post","status-publish","format-image","has-post-thumbnail","hentry","category-evenements","category-expositions","category-sur-nos-chemins","post_format-post-format-image"],"jetpack_featured_media_url":"https:\/\/i0.wp.com\/delucine.com\/un-autre-monde\/wp-content\/uploads\/2014\/11\/delucine-karl-gillebert-salon-de-la-photo-st-omer-prix-de-l-association.jpg?fit=960%2C640&ssl=1","jetpack_sharing_enabled":true,"_links":{"self":[{"href":"https:\/\/delucine.com\/un-autre-monde\/wp-json\/wp\/v2\/posts\/3682","targetHints":{"allow":["GET"]}}],"collection":[{"href":"https:\/\/delucine.com\/un-autre-monde\/wp-json\/wp\/v2\/posts"}],"about":[{"href":"https:\/\/delucine.com\/un-autre-monde\/wp-json\/wp\/v2\/types\/post"}],"author":[{"embeddable":true,"href":"https:\/\/delucine.com\/un-autre-monde\/wp-json\/wp\/v2\/users\/1"}],"replies":[{"embeddable":true,"href":"https:\/\/delucine.com\/un-autre-monde\/wp-json\/wp\/v2\/comments?post=3682"}],"version-history":[{"count":2,"href":"https:\/\/delucine.com\/un-autre-monde\/wp-json\/wp\/v2\/posts\/3682\/revisions"}],"predecessor-version":[{"id":9023,"href":"https:\/\/delucine.com\/un-autre-monde\/wp-json\/wp\/v2\/posts\/3682\/revisions\/9023"}],"wp:featuredmedia":[{"embeddable":true,"href":"https:\/\/delucine.com\/un-autre-monde\/wp-json\/wp\/v2\/media\/3683"}],"wp:attachment":[{"href":"https:\/\/delucine.com\/un-autre-monde\/wp-json\/wp\/v2\/media?parent=3682"}],"wp:term":[{"taxonomy":"category","embeddable":true,"href":"https:\/\/delucine.com\/un-autre-monde\/wp-json\/wp\/v2\/categories?post=3682"},{"taxonomy":"post_tag","embeddable":true,"href":"https:\/\/delucine.com\/un-autre-monde\/wp-json\/wp\/v2\/tags?post=3682"}],"curies":[{"name":"wp","href":"https:\/\/api.w.org\/{rel}","templated":true}]}}