{"id":3041,"date":"2014-11-12T18:24:04","date_gmt":"2014-11-12T18:24:04","guid":{"rendered":"http:\/\/delucine.com\/un-autre-monde\/?p=3041"},"modified":"2014-11-20T16:19:49","modified_gmt":"2014-11-20T16:19:49","slug":"23eme-salon-de-la-photo-de-st-omer","status":"publish","type":"post","link":"https:\/\/delucine.com\/un-autre-monde\/23eme-salon-de-la-photo-de-st-omer\/","title":{"rendered":"23\u00e9me Salon de la photo de St-Omer"},"content":{"rendered":"<p><span class=\"userContent\">Pour les 8 photographies de D\u00e9lucine expos\u00e9es au 23\u00e9me Salon de la photo de St-Omer ont re\u00e7ues :<br \/><strong>Le\u00a0prix de l&#8217;Association des Beaux Arts<\/strong>.<\/span><!--more--><\/p>\n<p>Le salon de la photographie en quelques chiffres :<br \/> 400 photos &#8211; plus de 40 photographes !<\/p>\n<p>Visible du 9 au 23 novembre prochain dans la galerie des Tableaux (salle de l\u2019H\u00f4tel de Ville sur la Grand place au second \u00e9tage). Ouvert tous les jours de 14 \u00e0 17h30, sauf le lundi fermeture \u00e0 17 heures et le dimanche 23 novembre.<\/p>\n","protected":false},"excerpt":{"rendered":"<p>Pour les 8 photographies de D\u00e9lucine expos\u00e9es au 23\u00e9me Salon de la photo de St-Omer ont re\u00e7ues :Le\u00a0prix de l&#8217;Association des Beaux Arts.<\/p>\n","protected":false},"author":1,"featured_media":3042,"comment_status":"closed","ping_status":"closed","sticky":false,"template":"","format":"image","meta":{"_jetpack_memberships_contains_paid_content":false,"footnotes":""},"categories":[4,5,8],"tags":[],"class_list":["post-3041","post","type-post","status-publish","format-image","has-post-thumbnail","hentry","category-evenements","category-expositions","category-sur-nos-chemins","post_format-post-format-image"],"jetpack_featured_media_url":"https:\/\/i0.wp.com\/delucine.com\/un-autre-monde\/wp-content\/uploads\/2014\/11\/23-salon-de-la-photo-st-omer.jpg?fit=677%2C960&ssl=1","jetpack_sharing_enabled":true,"_links":{"self":[{"href":"https:\/\/delucine.com\/un-autre-monde\/wp-json\/wp\/v2\/posts\/3041","targetHints":{"allow":["GET"]}}],"collection":[{"href":"https:\/\/delucine.com\/un-autre-monde\/wp-json\/wp\/v2\/posts"}],"about":[{"href":"https:\/\/delucine.com\/un-autre-monde\/wp-json\/wp\/v2\/types\/post"}],"author":[{"embeddable":true,"href":"https:\/\/delucine.com\/un-autre-monde\/wp-json\/wp\/v2\/users\/1"}],"replies":[{"embeddable":true,"href":"https:\/\/delucine.com\/un-autre-monde\/wp-json\/wp\/v2\/comments?post=3041"}],"version-history":[{"count":7,"href":"https:\/\/delucine.com\/un-autre-monde\/wp-json\/wp\/v2\/posts\/3041\/revisions"}],"predecessor-version":[{"id":3212,"href":"https:\/\/delucine.com\/un-autre-monde\/wp-json\/wp\/v2\/posts\/3041\/revisions\/3212"}],"wp:featuredmedia":[{"embeddable":true,"href":"https:\/\/delucine.com\/un-autre-monde\/wp-json\/wp\/v2\/media\/3042"}],"wp:attachment":[{"href":"https:\/\/delucine.com\/un-autre-monde\/wp-json\/wp\/v2\/media?parent=3041"}],"wp:term":[{"taxonomy":"category","embeddable":true,"href":"https:\/\/delucine.com\/un-autre-monde\/wp-json\/wp\/v2\/categories?post=3041"},{"taxonomy":"post_tag","embeddable":true,"href":"https:\/\/delucine.com\/un-autre-monde\/wp-json\/wp\/v2\/tags?post=3041"}],"curies":[{"name":"wp","href":"https:\/\/api.w.org\/{rel}","templated":true}]}}