{"id":2999,"date":"2014-11-03T11:42:35","date_gmt":"2014-11-03T11:42:35","guid":{"rendered":"http:\/\/delucine.com\/un-autre-monde\/?p=2999"},"modified":"2014-11-18T21:22:45","modified_gmt":"2014-11-18T21:22:45","slug":"challenge-photo-1er-photo-1er-jour","status":"publish","type":"post","link":"https:\/\/delucine.com\/un-autre-monde\/challenge-photo-1er-photo-1er-jour\/","title":{"rendered":"Challenge photo, 1er photo \/ 1er jour :"},"content":{"rendered":"<p>J&#8217;observais depuis quelques jours un nid de frelon europ\u00e9en (Vespa crabro) dans un arbre.<br \/>Au 3<sup>\u00e8me<\/sup> jours, pos\u00e9 sur le sol, un se nettoyer tranquillement les ailes, j&#8217;ai pu r\u00e9alis\u00e9 une petite s\u00e9rie de photo jusqu&#8217;\u00e0 son d\u00e9collage qui me fera tr\u00e8s peur !<!--more--><\/p>\n<p>J&#8217;ai cru qu&#8217;il allait attaqu\u00e9 ! Mais rien, il parti rejoindre sa colonie.<\/p>\n<p>Une des photos \u00e0 \u00e9t\u00e9 retenue pour mes expos actuellement.<\/p>\n<p>R\u00e9cit par Karl Gillebert<\/p>\n","protected":false},"excerpt":{"rendered":"<p>J&#8217;observais depuis quelques jours un nid de frelon europ\u00e9en (Vespa crabro) dans un arbre.Au 3\u00e8me jours, pos\u00e9 sur le sol, un se nettoyer tranquillement les ailes, j&#8217;ai pu r\u00e9alis\u00e9 une petite s\u00e9rie de photo jusqu&#8217;\u00e0 son d\u00e9collage qui me fera tr\u00e8s peur !<\/p>\n","protected":false},"author":1,"featured_media":3000,"comment_status":"closed","ping_status":"closed","sticky":false,"template":"","format":"standard","meta":{"_jetpack_memberships_contains_paid_content":false,"footnotes":""},"categories":[4,8],"tags":[],"class_list":["post-2999","post","type-post","status-publish","format-standard","has-post-thumbnail","hentry","category-evenements","category-sur-nos-chemins"],"jetpack_featured_media_url":"https:\/\/i0.wp.com\/delucine.com\/un-autre-monde\/wp-content\/uploads\/2014\/11\/delucine-frelon-europeen.jpg?fit=960%2C640&ssl=1","jetpack_sharing_enabled":true,"_links":{"self":[{"href":"https:\/\/delucine.com\/un-autre-monde\/wp-json\/wp\/v2\/posts\/2999","targetHints":{"allow":["GET"]}}],"collection":[{"href":"https:\/\/delucine.com\/un-autre-monde\/wp-json\/wp\/v2\/posts"}],"about":[{"href":"https:\/\/delucine.com\/un-autre-monde\/wp-json\/wp\/v2\/types\/post"}],"author":[{"embeddable":true,"href":"https:\/\/delucine.com\/un-autre-monde\/wp-json\/wp\/v2\/users\/1"}],"replies":[{"embeddable":true,"href":"https:\/\/delucine.com\/un-autre-monde\/wp-json\/wp\/v2\/comments?post=2999"}],"version-history":[{"count":4,"href":"https:\/\/delucine.com\/un-autre-monde\/wp-json\/wp\/v2\/posts\/2999\/revisions"}],"predecessor-version":[{"id":3217,"href":"https:\/\/delucine.com\/un-autre-monde\/wp-json\/wp\/v2\/posts\/2999\/revisions\/3217"}],"wp:featuredmedia":[{"embeddable":true,"href":"https:\/\/delucine.com\/un-autre-monde\/wp-json\/wp\/v2\/media\/3000"}],"wp:attachment":[{"href":"https:\/\/delucine.com\/un-autre-monde\/wp-json\/wp\/v2\/media?parent=2999"}],"wp:term":[{"taxonomy":"category","embeddable":true,"href":"https:\/\/delucine.com\/un-autre-monde\/wp-json\/wp\/v2\/categories?post=2999"},{"taxonomy":"post_tag","embeddable":true,"href":"https:\/\/delucine.com\/un-autre-monde\/wp-json\/wp\/v2\/tags?post=2999"}],"curies":[{"name":"wp","href":"https:\/\/api.w.org\/{rel}","templated":true}]}}