{"id":1586,"date":"2013-07-29T12:43:13","date_gmt":"2013-07-29T12:43:13","guid":{"rendered":"http:\/\/delucine.com\/un-autre-monde\/?p=1586"},"modified":"2014-11-19T08:36:13","modified_gmt":"2014-11-19T08:36:13","slug":"observation-du-22-au-28-juillet","status":"publish","type":"post","link":"https:\/\/delucine.com\/un-autre-monde\/observation-du-22-au-28-juillet\/","title":{"rendered":"Observation du 22 au 28 juillet"},"content":{"rendered":"<p>Les\u00a0donn\u00e9es du Nord &#8211; Pas-de-Calais sont rentr\u00e9es dans la base de donn\u00e9es ,\u00a0le SIRF ( Syst\u00e8me d&#8217;information r\u00e9gional sur la faune ).\u00a0<a href=\"http:\/\/www.sirf.eu\" target=\"_blank\">http:\/\/www.sirf.eu<br \/><\/a><!--more--><\/p>\n<div id='gallery-1' class='gallery galleryid-1586 gallery-columns-6 gallery-size-thumbnail'><dl class='gallery-item'>\n\t\t\t<dt class='gallery-icon landscape'>\n\t\t\t\t<a href='https:\/\/delucine.com\/un-autre-monde\/observation-du-22-au-28-juillet\/delucine-zygene-de-la-filipendule2\/'><img decoding=\"async\" width=\"150\" height=\"150\" src=\"https:\/\/i0.wp.com\/delucine.com\/un-autre-monde\/wp-content\/uploads\/2014\/01\/delucine-zygene-de-la-filipendule2.jpg?resize=150%2C150&amp;ssl=1\" class=\"attachment-thumbnail size-thumbnail\" alt=\"\" aria-describedby=\"gallery-1-1587\" srcset=\"https:\/\/i0.wp.com\/delucine.com\/un-autre-monde\/wp-content\/uploads\/2014\/01\/delucine-zygene-de-la-filipendule2.jpg?resize=150%2C150&amp;ssl=1 150w, https:\/\/i0.wp.com\/delucine.com\/un-autre-monde\/wp-content\/uploads\/2014\/01\/delucine-zygene-de-la-filipendule2.jpg?zoom=2&amp;resize=150%2C150&amp;ssl=1 300w, https:\/\/i0.wp.com\/delucine.com\/un-autre-monde\/wp-content\/uploads\/2014\/01\/delucine-zygene-de-la-filipendule2.jpg?zoom=3&amp;resize=150%2C150&amp;ssl=1 450w\" sizes=\"(max-width: 150px) 100vw, 150px\" \/><\/a>\n\t\t\t<\/dt>\n\t\t\t\t<dd class='wp-caption-text gallery-caption' id='gallery-1-1587'>\n\t\t\t\tZyg\u00e8ne de la filipendule (Zygaena filipendulae)\n\t\t\t\t<\/dd><\/dl><dl class='gallery-item'>\n\t\t\t<dt class='gallery-icon landscape'>\n\t\t\t\t<a href='https:\/\/delucine.com\/un-autre-monde\/observation-du-22-au-28-juillet\/deluicne-amaryllis\/'><img decoding=\"async\" width=\"150\" height=\"150\" src=\"https:\/\/i0.wp.com\/delucine.com\/un-autre-monde\/wp-content\/uploads\/2014\/01\/deluicne-amaryllis.jpg?resize=150%2C150&amp;ssl=1\" class=\"attachment-thumbnail size-thumbnail\" alt=\"\" aria-describedby=\"gallery-1-1588\" srcset=\"https:\/\/i0.wp.com\/delucine.com\/un-autre-monde\/wp-content\/uploads\/2014\/01\/deluicne-amaryllis.jpg?resize=150%2C150&amp;ssl=1 150w, https:\/\/i0.wp.com\/delucine.com\/un-autre-monde\/wp-content\/uploads\/2014\/01\/deluicne-amaryllis.jpg?zoom=2&amp;resize=150%2C150&amp;ssl=1 300w, https:\/\/i0.wp.com\/delucine.com\/un-autre-monde\/wp-content\/uploads\/2014\/01\/deluicne-amaryllis.jpg?zoom=3&amp;resize=150%2C150&amp;ssl=1 450w\" sizes=\"(max-width: 150px) 100vw, 150px\" \/><\/a>\n\t\t\t<\/dt>\n\t\t\t\t<dd class='wp-caption-text gallery-caption' id='gallery-1-1588'>\n\t\t\t\tAmaryllis (Pyronia tithonus)\n\t\t\t\t<\/dd><\/dl><dl class='gallery-item'>\n\t\t\t<dt class='gallery-icon landscape'>\n\t\t\t\t<a href='https:\/\/delucine.com\/un-autre-monde\/observation-du-22-au-28-juillet\/delucine-tabacd-espagne\/'><img decoding=\"async\" width=\"150\" height=\"150\" src=\"https:\/\/i0.wp.com\/delucine.com\/un-autre-monde\/wp-content\/uploads\/2014\/01\/delucine-tabacd-espagne.jpg?resize=150%2C150&amp;ssl=1\" class=\"attachment-thumbnail size-thumbnail\" alt=\"\" aria-describedby=\"gallery-1-1590\" srcset=\"https:\/\/i0.wp.com\/delucine.com\/un-autre-monde\/wp-content\/uploads\/2014\/01\/delucine-tabacd-espagne.jpg?resize=150%2C150&amp;ssl=1 150w, https:\/\/i0.wp.com\/delucine.com\/un-autre-monde\/wp-content\/uploads\/2014\/01\/delucine-tabacd-espagne.jpg?zoom=2&amp;resize=150%2C150&amp;ssl=1 300w, https:\/\/i0.wp.com\/delucine.com\/un-autre-monde\/wp-content\/uploads\/2014\/01\/delucine-tabacd-espagne.jpg?zoom=3&amp;resize=150%2C150&amp;ssl=1 450w\" sizes=\"(max-width: 150px) 100vw, 150px\" \/><\/a>\n\t\t\t<\/dt>\n\t\t\t\t<dd class='wp-caption-text gallery-caption' id='gallery-1-1590'>\n\t\t\t\tTabac d&#8217;Espagne (Argynnis paphia)\n\t\t\t\t<\/dd><\/dl><dl class='gallery-item'>\n\t\t\t<dt class='gallery-icon landscape'>\n\t\t\t\t<a href='https:\/\/delucine.com\/un-autre-monde\/observation-du-22-au-28-juillet\/delucine-lezard-vivipare-8\/'><img loading=\"lazy\" decoding=\"async\" width=\"150\" height=\"150\" src=\"https:\/\/i0.wp.com\/delucine.com\/un-autre-monde\/wp-content\/uploads\/2014\/01\/delucine-lezard-vivipare-8.jpg?resize=150%2C150&amp;ssl=1\" class=\"attachment-thumbnail size-thumbnail\" alt=\"\" aria-describedby=\"gallery-1-1591\" srcset=\"https:\/\/i0.wp.com\/delucine.com\/un-autre-monde\/wp-content\/uploads\/2014\/01\/delucine-lezard-vivipare-8.jpg?resize=150%2C150&amp;ssl=1 150w, https:\/\/i0.wp.com\/delucine.com\/un-autre-monde\/wp-content\/uploads\/2014\/01\/delucine-lezard-vivipare-8.jpg?zoom=2&amp;resize=150%2C150&amp;ssl=1 300w, https:\/\/i0.wp.com\/delucine.com\/un-autre-monde\/wp-content\/uploads\/2014\/01\/delucine-lezard-vivipare-8.jpg?zoom=3&amp;resize=150%2C150&amp;ssl=1 450w\" sizes=\"(max-width: 150px) 100vw, 150px\" \/><\/a>\n\t\t\t<\/dt>\n\t\t\t\t<dd class='wp-caption-text gallery-caption' id='gallery-1-1591'>\n\t\t\t\tL\u00e9zard vivipare (Zootoca vivipara)\n\t\t\t\t<\/dd><\/dl><dl class='gallery-item'>\n\t\t\t<dt class='gallery-icon portrait'>\n\t\t\t\t<a href='https:\/\/delucine.com\/un-autre-monde\/observation-du-22-au-28-juillet\/delucine-aeschne-bleue-male-immature\/'><img loading=\"lazy\" decoding=\"async\" width=\"150\" height=\"150\" src=\"https:\/\/i0.wp.com\/delucine.com\/un-autre-monde\/wp-content\/uploads\/2014\/01\/delucine-aeschne-bleue-male-immature.jpg?resize=150%2C150&amp;ssl=1\" class=\"attachment-thumbnail size-thumbnail\" alt=\"\" aria-describedby=\"gallery-1-1592\" srcset=\"https:\/\/i0.wp.com\/delucine.com\/un-autre-monde\/wp-content\/uploads\/2014\/01\/delucine-aeschne-bleue-male-immature.jpg?resize=150%2C150&amp;ssl=1 150w, https:\/\/i0.wp.com\/delucine.com\/un-autre-monde\/wp-content\/uploads\/2014\/01\/delucine-aeschne-bleue-male-immature.jpg?zoom=2&amp;resize=150%2C150&amp;ssl=1 300w\" sizes=\"(max-width: 150px) 100vw, 150px\" \/><\/a>\n\t\t\t<\/dt>\n\t\t\t\t<dd class='wp-caption-text gallery-caption' id='gallery-1-1592'>\n\t\t\t\tAeschne bleue (Aeshna cyanea) m\u00e2le immature\n\t\t\t\t<\/dd><\/dl><dl class='gallery-item'>\n\t\t\t<dt class='gallery-icon landscape'>\n\t\t\t\t<a href='https:\/\/delucine.com\/un-autre-monde\/observation-du-22-au-28-juillet\/delucine-anax-empereur-vol\/'><img loading=\"lazy\" decoding=\"async\" width=\"150\" height=\"150\" src=\"https:\/\/i0.wp.com\/delucine.com\/un-autre-monde\/wp-content\/uploads\/2014\/01\/delucine-anax-empereur-vol.jpg?resize=150%2C150&amp;ssl=1\" class=\"attachment-thumbnail size-thumbnail\" alt=\"\" aria-describedby=\"gallery-1-1593\" srcset=\"https:\/\/i0.wp.com\/delucine.com\/un-autre-monde\/wp-content\/uploads\/2014\/01\/delucine-anax-empereur-vol.jpg?resize=150%2C150&amp;ssl=1 150w, https:\/\/i0.wp.com\/delucine.com\/un-autre-monde\/wp-content\/uploads\/2014\/01\/delucine-anax-empereur-vol.jpg?zoom=2&amp;resize=150%2C150&amp;ssl=1 300w, https:\/\/i0.wp.com\/delucine.com\/un-autre-monde\/wp-content\/uploads\/2014\/01\/delucine-anax-empereur-vol.jpg?zoom=3&amp;resize=150%2C150&amp;ssl=1 450w\" sizes=\"(max-width: 150px) 100vw, 150px\" \/><\/a>\n\t\t\t<\/dt>\n\t\t\t\t<dd class='wp-caption-text gallery-caption' id='gallery-1-1593'>\n\t\t\t\tAnax empereur (Anax imperator) m\u00e2le\n\t\t\t\t<\/dd><\/dl><br style=\"clear: both\" \/><dl class='gallery-item'>\n\t\t\t<dt class='gallery-icon portrait'>\n\t\t\t\t<a href='https:\/\/delucine.com\/un-autre-monde\/observation-du-22-au-28-juillet\/delucine-anax-empereur-vol-chasse\/'><img loading=\"lazy\" decoding=\"async\" width=\"150\" height=\"150\" src=\"https:\/\/i0.wp.com\/delucine.com\/un-autre-monde\/wp-content\/uploads\/2014\/01\/delucine-anax-empereur-vol-chasse.jpg?resize=150%2C150&amp;ssl=1\" class=\"attachment-thumbnail size-thumbnail\" alt=\"\" aria-describedby=\"gallery-1-1594\" srcset=\"https:\/\/i0.wp.com\/delucine.com\/un-autre-monde\/wp-content\/uploads\/2014\/01\/delucine-anax-empereur-vol-chasse.jpg?resize=150%2C150&amp;ssl=1 150w, https:\/\/i0.wp.com\/delucine.com\/un-autre-monde\/wp-content\/uploads\/2014\/01\/delucine-anax-empereur-vol-chasse.jpg?zoom=2&amp;resize=150%2C150&amp;ssl=1 300w\" sizes=\"(max-width: 150px) 100vw, 150px\" \/><\/a>\n\t\t\t<\/dt>\n\t\t\t\t<dd class='wp-caption-text gallery-caption' id='gallery-1-1594'>\n\t\t\t\tAnax empereur (Anax imperator)\n\t\t\t\t<\/dd><\/dl><dl class='gallery-item'>\n\t\t\t<dt class='gallery-icon landscape'>\n\t\t\t\t<a href='https:\/\/delucine.com\/un-autre-monde\/observation-du-22-au-28-juillet\/delucine-carte-geographique\/'><img loading=\"lazy\" decoding=\"async\" width=\"150\" height=\"150\" src=\"https:\/\/i0.wp.com\/delucine.com\/un-autre-monde\/wp-content\/uploads\/2014\/01\/delucine-carte-geographique.jpg?resize=150%2C150&amp;ssl=1\" class=\"attachment-thumbnail size-thumbnail\" alt=\"\" aria-describedby=\"gallery-1-1595\" srcset=\"https:\/\/i0.wp.com\/delucine.com\/un-autre-monde\/wp-content\/uploads\/2014\/01\/delucine-carte-geographique.jpg?resize=150%2C150&amp;ssl=1 150w, https:\/\/i0.wp.com\/delucine.com\/un-autre-monde\/wp-content\/uploads\/2014\/01\/delucine-carte-geographique.jpg?zoom=2&amp;resize=150%2C150&amp;ssl=1 300w, https:\/\/i0.wp.com\/delucine.com\/un-autre-monde\/wp-content\/uploads\/2014\/01\/delucine-carte-geographique.jpg?zoom=3&amp;resize=150%2C150&amp;ssl=1 450w\" sizes=\"(max-width: 150px) 100vw, 150px\" \/><\/a>\n\t\t\t<\/dt>\n\t\t\t\t<dd class='wp-caption-text gallery-caption' id='gallery-1-1595'>\n\t\t\t\tCarte g\u00e9ographique (Araschnia levana) m\u00e2le\n\t\t\t\t<\/dd><\/dl><dl class='gallery-item'>\n\t\t\t<dt class='gallery-icon landscape'>\n\t\t\t\t<a href='https:\/\/delucine.com\/un-autre-monde\/observation-du-22-au-28-juillet\/delucine-carte-geographique-male\/'><img loading=\"lazy\" decoding=\"async\" width=\"150\" height=\"150\" src=\"https:\/\/i0.wp.com\/delucine.com\/un-autre-monde\/wp-content\/uploads\/2014\/01\/delucine-carte-geographique-male.jpg?resize=150%2C150&amp;ssl=1\" class=\"attachment-thumbnail size-thumbnail\" alt=\"\" aria-describedby=\"gallery-1-1596\" srcset=\"https:\/\/i0.wp.com\/delucine.com\/un-autre-monde\/wp-content\/uploads\/2014\/01\/delucine-carte-geographique-male.jpg?resize=150%2C150&amp;ssl=1 150w, https:\/\/i0.wp.com\/delucine.com\/un-autre-monde\/wp-content\/uploads\/2014\/01\/delucine-carte-geographique-male.jpg?zoom=2&amp;resize=150%2C150&amp;ssl=1 300w, https:\/\/i0.wp.com\/delucine.com\/un-autre-monde\/wp-content\/uploads\/2014\/01\/delucine-carte-geographique-male.jpg?zoom=3&amp;resize=150%2C150&amp;ssl=1 450w\" sizes=\"(max-width: 150px) 100vw, 150px\" \/><\/a>\n\t\t\t<\/dt>\n\t\t\t\t<dd class='wp-caption-text gallery-caption' id='gallery-1-1596'>\n\t\t\t\tCarte g\u00e9ographique (Araschnia levana) m\u00e2le\n\t\t\t\t<\/dd><\/dl><dl class='gallery-item'>\n\t\t\t<dt class='gallery-icon landscape'>\n\t\t\t\t<a href='https:\/\/delucine.com\/un-autre-monde\/observation-du-22-au-28-juillet\/delucine-criquet-duettiste\/'><img loading=\"lazy\" decoding=\"async\" width=\"150\" height=\"150\" src=\"https:\/\/i0.wp.com\/delucine.com\/un-autre-monde\/wp-content\/uploads\/2014\/01\/delucine-criquet-duettiste.jpg?resize=150%2C150&amp;ssl=1\" class=\"attachment-thumbnail size-thumbnail\" alt=\"\" aria-describedby=\"gallery-1-1597\" srcset=\"https:\/\/i0.wp.com\/delucine.com\/un-autre-monde\/wp-content\/uploads\/2014\/01\/delucine-criquet-duettiste.jpg?resize=150%2C150&amp;ssl=1 150w, https:\/\/i0.wp.com\/delucine.com\/un-autre-monde\/wp-content\/uploads\/2014\/01\/delucine-criquet-duettiste.jpg?zoom=2&amp;resize=150%2C150&amp;ssl=1 300w, https:\/\/i0.wp.com\/delucine.com\/un-autre-monde\/wp-content\/uploads\/2014\/01\/delucine-criquet-duettiste.jpg?zoom=3&amp;resize=150%2C150&amp;ssl=1 450w\" sizes=\"(max-width: 150px) 100vw, 150px\" \/><\/a>\n\t\t\t<\/dt>\n\t\t\t\t<dd class='wp-caption-text gallery-caption' id='gallery-1-1597'>\n\t\t\t\tCriquet duettiste (Chorthippus brunneus)\n\t\t\t\t<\/dd><\/dl><dl class='gallery-item'>\n\t\t\t<dt class='gallery-icon landscape'>\n\t\t\t\t<a href='https:\/\/delucine.com\/un-autre-monde\/observation-du-22-au-28-juillet\/delucine-cucullie-du-bouillon-blanc\/'><img loading=\"lazy\" decoding=\"async\" width=\"150\" height=\"150\" src=\"https:\/\/i0.wp.com\/delucine.com\/un-autre-monde\/wp-content\/uploads\/2014\/01\/delucine-cucullie-du-bouillon-blanc.jpg?resize=150%2C150&amp;ssl=1\" class=\"attachment-thumbnail size-thumbnail\" alt=\"\" aria-describedby=\"gallery-1-1598\" srcset=\"https:\/\/i0.wp.com\/delucine.com\/un-autre-monde\/wp-content\/uploads\/2014\/01\/delucine-cucullie-du-bouillon-blanc.jpg?resize=150%2C150&amp;ssl=1 150w, https:\/\/i0.wp.com\/delucine.com\/un-autre-monde\/wp-content\/uploads\/2014\/01\/delucine-cucullie-du-bouillon-blanc.jpg?zoom=2&amp;resize=150%2C150&amp;ssl=1 300w, https:\/\/i0.wp.com\/delucine.com\/un-autre-monde\/wp-content\/uploads\/2014\/01\/delucine-cucullie-du-bouillon-blanc.jpg?zoom=3&amp;resize=150%2C150&amp;ssl=1 450w\" sizes=\"(max-width: 150px) 100vw, 150px\" \/><\/a>\n\t\t\t<\/dt>\n\t\t\t\t<dd class='wp-caption-text gallery-caption' id='gallery-1-1598'>\n\t\t\t\tCucullie du bouillon-blanc (Shargacucullia verbasci)\n\t\t\t\t<\/dd><\/dl><dl class='gallery-item'>\n\t\t\t<dt class='gallery-icon landscape'>\n\t\t\t\t<a href='https:\/\/delucine.com\/un-autre-monde\/observation-du-22-au-28-juillet\/delucine-chevreuil-26\/'><img loading=\"lazy\" decoding=\"async\" width=\"150\" height=\"150\" src=\"https:\/\/i0.wp.com\/delucine.com\/un-autre-monde\/wp-content\/uploads\/2014\/01\/delucine-chevreuil-26.jpg?resize=150%2C150&amp;ssl=1\" class=\"attachment-thumbnail size-thumbnail\" alt=\"\" aria-describedby=\"gallery-1-1599\" srcset=\"https:\/\/i0.wp.com\/delucine.com\/un-autre-monde\/wp-content\/uploads\/2014\/01\/delucine-chevreuil-26.jpg?resize=150%2C150&amp;ssl=1 150w, https:\/\/i0.wp.com\/delucine.com\/un-autre-monde\/wp-content\/uploads\/2014\/01\/delucine-chevreuil-26.jpg?zoom=2&amp;resize=150%2C150&amp;ssl=1 300w, https:\/\/i0.wp.com\/delucine.com\/un-autre-monde\/wp-content\/uploads\/2014\/01\/delucine-chevreuil-26.jpg?zoom=3&amp;resize=150%2C150&amp;ssl=1 450w\" sizes=\"(max-width: 150px) 100vw, 150px\" \/><\/a>\n\t\t\t<\/dt>\n\t\t\t\t<dd class='wp-caption-text gallery-caption' id='gallery-1-1599'>\n\t\t\t\tChevreuil (Capreolus capreolus)\n\t\t\t\t<\/dd><\/dl><br style=\"clear: both\" \/><dl class='gallery-item'>\n\t\t\t<dt class='gallery-icon landscape'>\n\t\t\t\t<a href='https:\/\/delucine.com\/un-autre-monde\/observation-du-22-au-28-juillet\/delucine-linotte-melodieuse\/'><img loading=\"lazy\" decoding=\"async\" width=\"150\" height=\"150\" src=\"https:\/\/i0.wp.com\/delucine.com\/un-autre-monde\/wp-content\/uploads\/2014\/01\/delucine-linotte-m%C3%A9lodieuse.jpg?resize=150%2C150&amp;ssl=1\" class=\"attachment-thumbnail size-thumbnail\" alt=\"\" aria-describedby=\"gallery-1-1600\" \/><\/a>\n\t\t\t<\/dt>\n\t\t\t\t<dd class='wp-caption-text gallery-caption' id='gallery-1-1600'>\n\t\t\t\tLinotte m\u00e9lodieuse (Carduelis cannabina)\n\t\t\t\t<\/dd><\/dl><dl class='gallery-item'>\n\t\t\t<dt class='gallery-icon landscape'>\n\t\t\t\t<a href='https:\/\/delucine.com\/un-autre-monde\/observation-du-22-au-28-juillet\/delucine-lapin-de-garenne\/'><img loading=\"lazy\" decoding=\"async\" width=\"150\" height=\"150\" src=\"https:\/\/i0.wp.com\/delucine.com\/un-autre-monde\/wp-content\/uploads\/2014\/01\/delucine-lapin-de-garenne.jpg?resize=150%2C150&amp;ssl=1\" class=\"attachment-thumbnail size-thumbnail\" alt=\"\" aria-describedby=\"gallery-1-1601\" srcset=\"https:\/\/i0.wp.com\/delucine.com\/un-autre-monde\/wp-content\/uploads\/2014\/01\/delucine-lapin-de-garenne.jpg?resize=150%2C150&amp;ssl=1 150w, https:\/\/i0.wp.com\/delucine.com\/un-autre-monde\/wp-content\/uploads\/2014\/01\/delucine-lapin-de-garenne.jpg?zoom=2&amp;resize=150%2C150&amp;ssl=1 300w, https:\/\/i0.wp.com\/delucine.com\/un-autre-monde\/wp-content\/uploads\/2014\/01\/delucine-lapin-de-garenne.jpg?zoom=3&amp;resize=150%2C150&amp;ssl=1 450w\" sizes=\"(max-width: 150px) 100vw, 150px\" \/><\/a>\n\t\t\t<\/dt>\n\t\t\t\t<dd class='wp-caption-text gallery-caption' id='gallery-1-1601'>\n\t\t\t\tLapin de garenne (Oryctolagus cuniculus)\n\t\t\t\t<\/dd><\/dl><dl class='gallery-item'>\n\t\t\t<dt class='gallery-icon landscape'>\n\t\t\t\t<a href='https:\/\/delucine.com\/un-autre-monde\/observation-du-22-au-28-juillet\/delucine-criquet-a-ailes-bleues-juvenile\/'><img loading=\"lazy\" decoding=\"async\" width=\"150\" height=\"150\" src=\"https:\/\/i0.wp.com\/delucine.com\/un-autre-monde\/wp-content\/uploads\/2014\/01\/delucine-criquet-a-ailes-bleues-juvenile.jpg?resize=150%2C150&amp;ssl=1\" class=\"attachment-thumbnail size-thumbnail\" alt=\"\" aria-describedby=\"gallery-1-1602\" srcset=\"https:\/\/i0.wp.com\/delucine.com\/un-autre-monde\/wp-content\/uploads\/2014\/01\/delucine-criquet-a-ailes-bleues-juvenile.jpg?resize=150%2C150&amp;ssl=1 150w, https:\/\/i0.wp.com\/delucine.com\/un-autre-monde\/wp-content\/uploads\/2014\/01\/delucine-criquet-a-ailes-bleues-juvenile.jpg?zoom=2&amp;resize=150%2C150&amp;ssl=1 300w, https:\/\/i0.wp.com\/delucine.com\/un-autre-monde\/wp-content\/uploads\/2014\/01\/delucine-criquet-a-ailes-bleues-juvenile.jpg?zoom=3&amp;resize=150%2C150&amp;ssl=1 450w\" sizes=\"(max-width: 150px) 100vw, 150px\" \/><\/a>\n\t\t\t<\/dt>\n\t\t\t\t<dd class='wp-caption-text gallery-caption' id='gallery-1-1602'>\n\t\t\t\tCriquet \u00e0 ailes bleues (Oedipoda caerulescens) juv\u00e9nile\n\t\t\t\t<\/dd><\/dl><dl class='gallery-item'>\n\t\t\t<dt class='gallery-icon landscape'>\n\t\t\t\t<a href='https:\/\/delucine.com\/un-autre-monde\/observation-du-22-au-28-juillet\/delucine-criquet-a-ailes-bleues1\/'><img loading=\"lazy\" decoding=\"async\" width=\"150\" height=\"150\" src=\"https:\/\/i0.wp.com\/delucine.com\/un-autre-monde\/wp-content\/uploads\/2014\/01\/delucine-criquet-a-ailes-bleues1.jpg?resize=150%2C150&amp;ssl=1\" class=\"attachment-thumbnail size-thumbnail\" alt=\"\" aria-describedby=\"gallery-1-1603\" srcset=\"https:\/\/i0.wp.com\/delucine.com\/un-autre-monde\/wp-content\/uploads\/2014\/01\/delucine-criquet-a-ailes-bleues1.jpg?resize=150%2C150&amp;ssl=1 150w, https:\/\/i0.wp.com\/delucine.com\/un-autre-monde\/wp-content\/uploads\/2014\/01\/delucine-criquet-a-ailes-bleues1.jpg?zoom=2&amp;resize=150%2C150&amp;ssl=1 300w, https:\/\/i0.wp.com\/delucine.com\/un-autre-monde\/wp-content\/uploads\/2014\/01\/delucine-criquet-a-ailes-bleues1.jpg?zoom=3&amp;resize=150%2C150&amp;ssl=1 450w\" sizes=\"(max-width: 150px) 100vw, 150px\" \/><\/a>\n\t\t\t<\/dt>\n\t\t\t\t<dd class='wp-caption-text gallery-caption' id='gallery-1-1603'>\n\t\t\t\tCriquet \u00e0 ailes bleues (Oedipoda caerulescens)\n\t\t\t\t<\/dd><\/dl><dl class='gallery-item'>\n\t\t\t<dt class='gallery-icon landscape'>\n\t\t\t\t<a href='https:\/\/delucine.com\/un-autre-monde\/observation-du-22-au-28-juillet\/delucine-orthetrum-reticule-femelle1\/'><img loading=\"lazy\" decoding=\"async\" width=\"150\" height=\"150\" src=\"https:\/\/i0.wp.com\/delucine.com\/un-autre-monde\/wp-content\/uploads\/2014\/01\/delucine-orthetrum-reticule-femelle1.jpg?resize=150%2C150&amp;ssl=1\" class=\"attachment-thumbnail size-thumbnail\" alt=\"\" aria-describedby=\"gallery-1-1604\" srcset=\"https:\/\/i0.wp.com\/delucine.com\/un-autre-monde\/wp-content\/uploads\/2014\/01\/delucine-orthetrum-reticule-femelle1.jpg?resize=150%2C150&amp;ssl=1 150w, https:\/\/i0.wp.com\/delucine.com\/un-autre-monde\/wp-content\/uploads\/2014\/01\/delucine-orthetrum-reticule-femelle1.jpg?zoom=2&amp;resize=150%2C150&amp;ssl=1 300w, https:\/\/i0.wp.com\/delucine.com\/un-autre-monde\/wp-content\/uploads\/2014\/01\/delucine-orthetrum-reticule-femelle1.jpg?zoom=3&amp;resize=150%2C150&amp;ssl=1 450w\" sizes=\"(max-width: 150px) 100vw, 150px\" \/><\/a>\n\t\t\t<\/dt>\n\t\t\t\t<dd class='wp-caption-text gallery-caption' id='gallery-1-1604'>\n\t\t\t\tOrth\u00e9trum r\u00e9ticul\u00e9 (Orthetrum cancellatum) femelle\n\t\t\t\t<\/dd><\/dl><dl class='gallery-item'>\n\t\t\t<dt class='gallery-icon landscape'>\n\t\t\t\t<a href='https:\/\/delucine.com\/un-autre-monde\/observation-du-22-au-28-juillet\/delucine-gallinule-poule-d-eau\/'><img loading=\"lazy\" decoding=\"async\" width=\"150\" height=\"150\" src=\"https:\/\/i0.wp.com\/delucine.com\/un-autre-monde\/wp-content\/uploads\/2014\/01\/delucine-gallinule-poule-d-eau.jpg?resize=150%2C150&amp;ssl=1\" class=\"attachment-thumbnail size-thumbnail\" alt=\"\" aria-describedby=\"gallery-1-1605\" srcset=\"https:\/\/i0.wp.com\/delucine.com\/un-autre-monde\/wp-content\/uploads\/2014\/01\/delucine-gallinule-poule-d-eau.jpg?resize=150%2C150&amp;ssl=1 150w, https:\/\/i0.wp.com\/delucine.com\/un-autre-monde\/wp-content\/uploads\/2014\/01\/delucine-gallinule-poule-d-eau.jpg?zoom=2&amp;resize=150%2C150&amp;ssl=1 300w, https:\/\/i0.wp.com\/delucine.com\/un-autre-monde\/wp-content\/uploads\/2014\/01\/delucine-gallinule-poule-d-eau.jpg?zoom=3&amp;resize=150%2C150&amp;ssl=1 450w\" sizes=\"(max-width: 150px) 100vw, 150px\" \/><\/a>\n\t\t\t<\/dt>\n\t\t\t\t<dd class='wp-caption-text gallery-caption' id='gallery-1-1605'>\n\t\t\t\tGallinule poule d&#8217;eau (Gallinula chloropus) juv\u00e9nile\n\t\t\t\t<\/dd><\/dl><br style=\"clear: both\" \/><dl class='gallery-item'>\n\t\t\t<dt class='gallery-icon landscape'>\n\t\t\t\t<a href='https:\/\/delucine.com\/un-autre-monde\/observation-du-22-au-28-juillet\/delucine-tircis-9\/'><img loading=\"lazy\" decoding=\"async\" width=\"150\" height=\"150\" src=\"https:\/\/i0.wp.com\/delucine.com\/un-autre-monde\/wp-content\/uploads\/2014\/01\/delucine-tircis-9.jpg?resize=150%2C150&amp;ssl=1\" class=\"attachment-thumbnail size-thumbnail\" alt=\"\" aria-describedby=\"gallery-1-1589\" srcset=\"https:\/\/i0.wp.com\/delucine.com\/un-autre-monde\/wp-content\/uploads\/2014\/01\/delucine-tircis-9.jpg?resize=150%2C150&amp;ssl=1 150w, https:\/\/i0.wp.com\/delucine.com\/un-autre-monde\/wp-content\/uploads\/2014\/01\/delucine-tircis-9.jpg?zoom=2&amp;resize=150%2C150&amp;ssl=1 300w, https:\/\/i0.wp.com\/delucine.com\/un-autre-monde\/wp-content\/uploads\/2014\/01\/delucine-tircis-9.jpg?zoom=3&amp;resize=150%2C150&amp;ssl=1 450w\" sizes=\"(max-width: 150px) 100vw, 150px\" \/><\/a>\n\t\t\t<\/dt>\n\t\t\t\t<dd class='wp-caption-text gallery-caption' id='gallery-1-1589'>\n\t\t\t\tTircis (Pararge aegeria)\n\t\t\t\t<\/dd><\/dl>\n\t\t\t<br style='clear: both' \/>\n\t\t<\/div>\n\n","protected":false},"excerpt":{"rendered":"<p>Les\u00a0donn\u00e9es du Nord &#8211; Pas-de-Calais sont rentr\u00e9es dans la base de donn\u00e9es ,\u00a0le SIRF ( Syst\u00e8me d&#8217;information r\u00e9gional sur la faune ).\u00a0http:\/\/www.sirf.eu<\/p>\n","protected":false},"author":1,"featured_media":1598,"comment_status":"closed","ping_status":"closed","sticky":false,"template":"","format":"standard","meta":{"_jetpack_memberships_contains_paid_content":false,"footnotes":""},"categories":[7,8],"tags":[],"class_list":["post-1586","post","type-post","status-publish","format-standard","has-post-thumbnail","hentry","category-observations","category-sur-nos-chemins"],"jetpack_featured_media_url":"https:\/\/i0.wp.com\/delucine.com\/un-autre-monde\/wp-content\/uploads\/2014\/01\/delucine-cucullie-du-bouillon-blanc.jpg?fit=768%2C512&ssl=1","jetpack_sharing_enabled":true,"_links":{"self":[{"href":"https:\/\/delucine.com\/un-autre-monde\/wp-json\/wp\/v2\/posts\/1586","targetHints":{"allow":["GET"]}}],"collection":[{"href":"https:\/\/delucine.com\/un-autre-monde\/wp-json\/wp\/v2\/posts"}],"about":[{"href":"https:\/\/delucine.com\/un-autre-monde\/wp-json\/wp\/v2\/types\/post"}],"author":[{"embeddable":true,"href":"https:\/\/delucine.com\/un-autre-monde\/wp-json\/wp\/v2\/users\/1"}],"replies":[{"embeddable":true,"href":"https:\/\/delucine.com\/un-autre-monde\/wp-json\/wp\/v2\/comments?post=1586"}],"version-history":[{"count":3,"href":"https:\/\/delucine.com\/un-autre-monde\/wp-json\/wp\/v2\/posts\/1586\/revisions"}],"predecessor-version":[{"id":3288,"href":"https:\/\/delucine.com\/un-autre-monde\/wp-json\/wp\/v2\/posts\/1586\/revisions\/3288"}],"wp:featuredmedia":[{"embeddable":true,"href":"https:\/\/delucine.com\/un-autre-monde\/wp-json\/wp\/v2\/media\/1598"}],"wp:attachment":[{"href":"https:\/\/delucine.com\/un-autre-monde\/wp-json\/wp\/v2\/media?parent=1586"}],"wp:term":[{"taxonomy":"category","embeddable":true,"href":"https:\/\/delucine.com\/un-autre-monde\/wp-json\/wp\/v2\/categories?post=1586"},{"taxonomy":"post_tag","embeddable":true,"href":"https:\/\/delucine.com\/un-autre-monde\/wp-json\/wp\/v2\/tags?post=1586"}],"curies":[{"name":"wp","href":"https:\/\/api.w.org\/{rel}","templated":true}]}}