{"id":1031,"date":"2013-09-18T20:14:23","date_gmt":"2013-09-18T20:14:23","guid":{"rendered":"http:\/\/delucine.com\/un-autre-monde\/?p=1031"},"modified":"2019-06-30T19:56:15","modified_gmt":"2019-06-30T19:56:15","slug":"laureat-du-concours-du-festival-de-loiseau-2013-de-virelles-dans-la-categorie-la-nature-oeuvre-dart","status":"publish","type":"post","link":"https:\/\/delucine.com\/un-autre-monde\/laureat-du-concours-du-festival-de-loiseau-2013-de-virelles-dans-la-categorie-la-nature-oeuvre-dart\/","title":{"rendered":"Laur\u00e9at du concours du \u00ab Festival de l\u2019oiseau \u00bb 2013 de Virelles dans la cat\u00e9gorie : La nature\u2026 oeuvre d\u2019art."},"content":{"rendered":"<p>Les photos propos\u00e9es pour le concours ont \u00e9t\u00e9 obligatoirement prises lors du Festival de l\u2019Oiseau 2013, c\u2019est \u00e0 dire entre le 14 septembre 10h00 et le dimanche 15 septembre 16h00.<\/p>\n","protected":false},"excerpt":{"rendered":"<p>Les photos propos\u00e9es pour le concours ont \u00e9t\u00e9 obligatoirement prises lors du Festival de l\u2019Oiseau 2013, c\u2019est \u00e0 dire entre le 14 septembre 10h00 et le dimanche 15 septembre 16h00.<\/p>\n","protected":false},"author":1,"featured_media":9929,"comment_status":"closed","ping_status":"closed","sticky":false,"template":"","format":"standard","meta":{"_jetpack_memberships_contains_paid_content":false,"footnotes":""},"categories":[3,4,8],"tags":[],"class_list":["post-1031","post","type-post","status-publish","format-standard","has-post-thumbnail","hentry","category-concours","category-evenements","category-sur-nos-chemins"],"jetpack_featured_media_url":"https:\/\/i0.wp.com\/delucine.com\/un-autre-monde\/wp-content\/uploads\/2013\/09\/karl-gillebert-delucine-7962.jpg?fit=1500%2C1000&ssl=1","jetpack_sharing_enabled":true,"_links":{"self":[{"href":"https:\/\/delucine.com\/un-autre-monde\/wp-json\/wp\/v2\/posts\/1031","targetHints":{"allow":["GET"]}}],"collection":[{"href":"https:\/\/delucine.com\/un-autre-monde\/wp-json\/wp\/v2\/posts"}],"about":[{"href":"https:\/\/delucine.com\/un-autre-monde\/wp-json\/wp\/v2\/types\/post"}],"author":[{"embeddable":true,"href":"https:\/\/delucine.com\/un-autre-monde\/wp-json\/wp\/v2\/users\/1"}],"replies":[{"embeddable":true,"href":"https:\/\/delucine.com\/un-autre-monde\/wp-json\/wp\/v2\/comments?post=1031"}],"version-history":[{"count":1,"href":"https:\/\/delucine.com\/un-autre-monde\/wp-json\/wp\/v2\/posts\/1031\/revisions"}],"predecessor-version":[{"id":1033,"href":"https:\/\/delucine.com\/un-autre-monde\/wp-json\/wp\/v2\/posts\/1031\/revisions\/1033"}],"wp:featuredmedia":[{"embeddable":true,"href":"https:\/\/delucine.com\/un-autre-monde\/wp-json\/wp\/v2\/media\/9929"}],"wp:attachment":[{"href":"https:\/\/delucine.com\/un-autre-monde\/wp-json\/wp\/v2\/media?parent=1031"}],"wp:term":[{"taxonomy":"category","embeddable":true,"href":"https:\/\/delucine.com\/un-autre-monde\/wp-json\/wp\/v2\/categories?post=1031"},{"taxonomy":"post_tag","embeddable":true,"href":"https:\/\/delucine.com\/un-autre-monde\/wp-json\/wp\/v2\/tags?post=1031"}],"curies":[{"name":"wp","href":"https:\/\/api.w.org\/{rel}","templated":true}]}}